{"id":1543,"date":"2026-03-17T12:39:18","date_gmt":"2026-03-17T12:39:18","guid":{"rendered":"https:\/\/deportesenlaboulaye.com.ar\/?p=1543"},"modified":"2026-03-17T12:39:19","modified_gmt":"2026-03-17T12:39:19","slug":"capital-comenzo-la-construccion-del-polideportivo-de-barrio-san-carlos-de-horizonte","status":"publish","type":"post","link":"https:\/\/deportesenlaboulaye.com.ar\/index.php\/2026\/03\/17\/capital-comenzo-la-construccion-del-polideportivo-de-barrio-san-carlos-de-horizonte\/","title":{"rendered":"Capital: comenz\u00f3 la construcci\u00f3n del polideportivo de barrio San Carlos de Horizonte"},"content":{"rendered":"\n<p><\/p>\n\n\n\n<ul><li><strong>La obra incluye un play\u00f3n cubierto, y nuevo equipamiento deportivo y urbano.<\/strong><\/li><li><strong>Este espacio permitir\u00e1 promover el encuentro, el deporte y la recreaci\u00f3n comunitaria.<\/strong><\/li><li><strong>Vecinos y funcionarios provinciales y municipales participaron del acto de colocaci\u00f3n del primer moj\u00f3n.<\/strong><\/li><\/ul>\n\n\n\n<p>El Gobierno de C\u00f3rdoba inici\u00f3 la construcci\u00f3n de un polideportivo en barrio San Carlos de Horizonte, en el sur de la ciudad de C\u00f3rdoba.<\/p>\n\n\n\n<p>La obra incluye un play\u00f3n cubierto, con cancha de f\u00fatbol, cancha de b\u00e1squet, columnas extra\u00edbles y red de v\u00f3ley. La estructura incluye una zona de juegos infantiles con suelo antigolpes, juegos integradores y juegos de cuerda, un \u00e1rea deportiva y una zona de esparcimiento con mesas, bancos y bebederos.<\/p>\n\n\n\n<p>Cabe destacar que, este espacio ser\u00e1 puesto en valor a trav\u00e9s de tareas de parquizaci\u00f3n, arbolado, iluminaci\u00f3n general y peatonal, senderos y rampas.Funcionarios provinciales y municipales participaron, junto a vecinos, del acto de colocaci\u00f3n del primer moj\u00f3n.<\/p>\n\n\n\n<p><em>\u201cEsta obra es producto de un proceso de escucha, de una necesidad que sus familias ten\u00edan\u201d,&nbsp;<\/em>explic\u00f3 la secretaria General de H\u00e1bitat y Desarrollo Emprendedor, Laura Jure.<\/p>\n\n\n\n<p><em>\u201cVamos a intervenir de manera integral este lugar, transform\u00e1ndolo por completo. No s\u00f3lo contar\u00e1n con las canchas sino tambi\u00e9n con equipamiento para que puedan recrearse. Sabemos que no todo el mundo tiene la posibilidad de pagar la cuota de un club. Por eso es importante sumar esta infraestructura en los barrios para que ni\u00f1os y adultos puedan desarrollarse\u201d,<\/em>\u00a0agreg\u00f3.<\/p>\n\n\n\n<figure class=\"wp-block-gallery columns-1 is-cropped\"><ul class=\"blocks-gallery-grid\"><li class=\"blocks-gallery-item\"><figure><img loading=\"lazy\" width=\"1024\" height=\"653\" src=\"https:\/\/deportesenlaboulaye.com.ar\/wp-content\/uploads\/2026\/03\/WhatsApp-Image-2026-03-16-at-15.20.17-1-1024x653-1.jpeg\" alt=\"\" data-id=\"1544\" data-full-url=\"https:\/\/deportesenlaboulaye.com.ar\/wp-content\/uploads\/2026\/03\/WhatsApp-Image-2026-03-16-at-15.20.17-1-1024x653-1.jpeg\" data-link=\"https:\/\/deportesenlaboulaye.com.ar\/?attachment_id=1544\" class=\"wp-image-1544\" srcset=\"https:\/\/deportesenlaboulaye.com.ar\/wp-content\/uploads\/2026\/03\/WhatsApp-Image-2026-03-16-at-15.20.17-1-1024x653-1.jpeg 1024w, https:\/\/deportesenlaboulaye.com.ar\/wp-content\/uploads\/2026\/03\/WhatsApp-Image-2026-03-16-at-15.20.17-1-1024x653-1-300x191.jpeg 300w, https:\/\/deportesenlaboulaye.com.ar\/wp-content\/uploads\/2026\/03\/WhatsApp-Image-2026-03-16-at-15.20.17-1-1024x653-1-768x490.jpeg 768w\" sizes=\"(max-width: 1024px) 100vw, 1024px\" \/><\/figure><\/li><\/ul><\/figure>\n\n\n\n<p>Por su parte, el ministro de Vinculaci\u00f3n y Gesti\u00f3n Institucional, Miguel Siciliano, resalt\u00f3 el compromiso de las instituciones comunitarias y su articulaci\u00f3n con el Estado para llevar adelante soluciones en cada rinc\u00f3n de la ciudad.<\/p>\n\n\n\n<p><em>\u201cPara la Municipalidad y la Provincia esto es una inversi\u00f3n, porque con este espacio p\u00fablico de calidad le estamos mejorando la calidad de vida a la gente. Ac\u00e1 nos van a encontrar siempre, en los barrios, haciendo cosas por la comunidad\u201d<\/em>, sostuvo.<\/p>\n\n\n\n<p>Por \u00faltimo, Axel Pereyra, presidente del Centro Vecinal de San Carlos de Horizonte, manifest\u00f3 su alegr\u00eda por este \u201cpoli\u201d al expresar:&nbsp;<em>\u201cYo jugu\u00e9 ac\u00e1 antes. Amo este barrio y s\u00e9 que los ni\u00f1os lo van a utilizar. Muchas gracias por hacerlo posible\u201d.<\/em><\/p>\n\n\n\n<p>El proyecto se desarrollar\u00e1 en tierras del Municipio y demandar\u00e1 una inversi\u00f3n provincial de 650 millones de pesos.<\/p>\n\n\n\n<figure class=\"wp-block-gallery columns-2 is-cropped\"><ul class=\"blocks-gallery-grid\"><li class=\"blocks-gallery-item\"><figure><img loading=\"lazy\" width=\"1024\" height=\"660\" src=\"https:\/\/deportesenlaboulaye.com.ar\/wp-content\/uploads\/2026\/03\/WhatsApp-Image-2026-03-16-at-15.20.28-1-1024x660-1.jpeg\" alt=\"\" data-id=\"1545\" data-full-url=\"https:\/\/deportesenlaboulaye.com.ar\/wp-content\/uploads\/2026\/03\/WhatsApp-Image-2026-03-16-at-15.20.28-1-1024x660-1.jpeg\" data-link=\"https:\/\/deportesenlaboulaye.com.ar\/?attachment_id=1545\" class=\"wp-image-1545\" srcset=\"https:\/\/deportesenlaboulaye.com.ar\/wp-content\/uploads\/2026\/03\/WhatsApp-Image-2026-03-16-at-15.20.28-1-1024x660-1.jpeg 1024w, https:\/\/deportesenlaboulaye.com.ar\/wp-content\/uploads\/2026\/03\/WhatsApp-Image-2026-03-16-at-15.20.28-1-1024x660-1-300x193.jpeg 300w, https:\/\/deportesenlaboulaye.com.ar\/wp-content\/uploads\/2026\/03\/WhatsApp-Image-2026-03-16-at-15.20.28-1-1024x660-1-768x495.jpeg 768w\" sizes=\"(max-width: 1024px) 100vw, 1024px\" \/><\/figure><\/li><li class=\"blocks-gallery-item\"><figure><img loading=\"lazy\" width=\"1024\" height=\"621\" src=\"https:\/\/deportesenlaboulaye.com.ar\/wp-content\/uploads\/2026\/03\/WhatsApp-Image-2026-03-16-at-15.20.20-1-1024x621-1.jpeg\" alt=\"\" data-id=\"1546\" data-full-url=\"https:\/\/deportesenlaboulaye.com.ar\/wp-content\/uploads\/2026\/03\/WhatsApp-Image-2026-03-16-at-15.20.20-1-1024x621-1.jpeg\" data-link=\"https:\/\/deportesenlaboulaye.com.ar\/?attachment_id=1546\" class=\"wp-image-1546\" srcset=\"https:\/\/deportesenlaboulaye.com.ar\/wp-content\/uploads\/2026\/03\/WhatsApp-Image-2026-03-16-at-15.20.20-1-1024x621-1.jpeg 1024w, https:\/\/deportesenlaboulaye.com.ar\/wp-content\/uploads\/2026\/03\/WhatsApp-Image-2026-03-16-at-15.20.20-1-1024x621-1-300x182.jpeg 300w, https:\/\/deportesenlaboulaye.com.ar\/wp-content\/uploads\/2026\/03\/WhatsApp-Image-2026-03-16-at-15.20.20-1-1024x621-1-768x466.jpeg 768w\" sizes=\"(max-width: 1024px) 100vw, 1024px\" \/><\/figure><\/li><\/ul><\/figure>\n\n\n\n<h4>Espacios de integraci\u00f3n<\/h4>\n\n\n\n<p>Los polideportivos ponen en valor espacios recuperados y brindan contenci\u00f3n en entornos seguros a trav\u00e9s del deporte, la recreaci\u00f3n y la cultura.<\/p>\n\n\n\n<p>De esta forma, se garantiza el desarrollo integral de las familias, el bienestar social y el fortalecimiento de la alianza estrat\u00e9gica del Estado con la sociedad civil, por medio de la articulaci\u00f3n con centros vecinales, centros de jubilados, instituciones educativas, consejos barriales, organizaciones sociales y culturales.<\/p>\n\n\n\n<p>Que este espacio se haya puesto en marcha es producto de una acci\u00f3n conjunta, y una convicci\u00f3n de gesti\u00f3n territorial sostenida por el Gobierno de C\u00f3rdoba, que promueve instancias de di\u00e1logo directo y coordinaci\u00f3n institucional para acompa\u00f1ar demandas comunitarias y avanzar en iniciativas que mejoren la calidad de vida de las familias.<\/p>\n","protected":false},"excerpt":{"rendered":"<p>La obra incluye un play\u00f3n cubierto, y nuevo equipamiento deportivo y urbano. Este espacio permitir\u00e1 promover el encuentro, el deporte y la recreaci\u00f3n comunitaria. Vecinos [&hellip;]<\/p>\n","protected":false},"author":1,"featured_media":1544,"comment_status":"closed","ping_status":"closed","sticky":false,"template":"","format":"standard","meta":{"om_disable_all_campaigns":false,"_monsterinsights_skip_tracking":false,"_monsterinsights_sitenote_active":false,"_monsterinsights_sitenote_note":"","_monsterinsights_sitenote_category":0},"categories":[3],"tags":[],"_links":{"self":[{"href":"https:\/\/deportesenlaboulaye.com.ar\/index.php\/wp-json\/wp\/v2\/posts\/1543"}],"collection":[{"href":"https:\/\/deportesenlaboulaye.com.ar\/index.php\/wp-json\/wp\/v2\/posts"}],"about":[{"href":"https:\/\/deportesenlaboulaye.com.ar\/index.php\/wp-json\/wp\/v2\/types\/post"}],"author":[{"embeddable":true,"href":"https:\/\/deportesenlaboulaye.com.ar\/index.php\/wp-json\/wp\/v2\/users\/1"}],"replies":[{"embeddable":true,"href":"https:\/\/deportesenlaboulaye.com.ar\/index.php\/wp-json\/wp\/v2\/comments?post=1543"}],"version-history":[{"count":1,"href":"https:\/\/deportesenlaboulaye.com.ar\/index.php\/wp-json\/wp\/v2\/posts\/1543\/revisions"}],"predecessor-version":[{"id":1547,"href":"https:\/\/deportesenlaboulaye.com.ar\/index.php\/wp-json\/wp\/v2\/posts\/1543\/revisions\/1547"}],"wp:featuredmedia":[{"embeddable":true,"href":"https:\/\/deportesenlaboulaye.com.ar\/index.php\/wp-json\/wp\/v2\/media\/1544"}],"wp:attachment":[{"href":"https:\/\/deportesenlaboulaye.com.ar\/index.php\/wp-json\/wp\/v2\/media?parent=1543"}],"wp:term":[{"taxonomy":"category","embeddable":true,"href":"https:\/\/deportesenlaboulaye.com.ar\/index.php\/wp-json\/wp\/v2\/categories?post=1543"},{"taxonomy":"post_tag","embeddable":true,"href":"https:\/\/deportesenlaboulaye.com.ar\/index.php\/wp-json\/wp\/v2\/tags?post=1543"}],"curies":[{"name":"wp","href":"https:\/\/api.w.org\/{rel}","templated":true}]}}