{"id":1804,"date":"2026-08-29T17:45:02","date_gmt":"2026-08-29T17:45:02","guid":{"rendered":"https:\/\/deportesenlaboulaye.com.ar\/?p=1804"},"modified":"2026-08-29T17:45:03","modified_gmt":"2026-08-29T17:45:03","slug":"caito-risatti-arranco-segundo-en-obera-y-va-por-un-gran-fin-de-semana-en-el-turismo-nacional","status":"publish","type":"post","link":"https:\/\/deportesenlaboulaye.com.ar\/index.php\/2026\/08\/29\/caito-risatti-arranco-segundo-en-obera-y-va-por-un-gran-fin-de-semana-en-el-turismo-nacional\/","title":{"rendered":"Ca\u00edto Risatti arranc\u00f3 segundo en Ober\u00e1 y va por un gran fin de semana en el Turismo Nacional"},"content":{"rendered":"\n<p><strong>El piloto de Laboulaye comenz\u00f3 con muy buen ritmo la octava fecha de la Clase 3 del TN APAT en Misiones. En el primer entrenamiento qued\u00f3 a solamente 20 mil\u00e9simas del mejor registro.<\/strong><\/p>\n\n\n\n<p>Ricardo \u201cCa\u00edto\u201d Risatti volvi\u00f3 a poner a Laboulaye entre los protagonistas del automovilismo nacional. El piloto cordob\u00e9s comenz\u00f3 este s\u00e1bado su participaci\u00f3n en la octava fecha del Turismo Nacional, que se disputa en el Aut\u00f3dromo Ciudad de Ober\u00e1, Misiones.<\/p>\n\n\n\n<p>Y el inicio fue m\u00e1s que alentador.<\/p>\n\n\n\n<p>En el primer entrenamiento de la Clase 3, Risatti marc\u00f3 un tiempo de 1m57s336 y termin\u00f3 en la segunda posici\u00f3n, a solamente 20 mil\u00e9simas del registro m\u00e1s r\u00e1pido de la tanda.<\/p>\n\n\n\n<p>El mejor tiempo qued\u00f3 en manos de Ever Franetovich, quien estableci\u00f3 1m57s316, mientras que Bautista Damiani complet\u00f3 los tres primeros lugares.<\/p>\n\n\n\n<h2>Un gran comienzo para Ca\u00edto<\/h2>\n\n\n\n<p>La diferencia entre Franetovich y Risatti fue m\u00ednima, dejando al representante de Laboulaye muy bien posicionado de cara al resto de la actividad del fin de semana.<\/p>\n\n\n\n<p>Ca\u00edto compite en esta fecha con un Citro\u00ebn C-Elys\u00e9e dentro de una Clase 3 que presenta un competitivo parque de pilotos y algunos de los principales nombres del automovilismo argentino.<\/p>\n\n\n\n<p>El escenario misionero tiene una extensi\u00f3n de 4.380 metros y presenta un trazado exigente, donde las condiciones de pista fueron cambiando durante las primeras salidas debido a la humedad.<\/p>\n\n\n\n<h2>La clasificaci\u00f3n ser\u00e1 este s\u00e1bado<\/h2>\n\n\n\n<p>Luego de los entrenamientos, la Clase 3 afrontar\u00e1 durante la tarde la clasificaci\u00f3n que determinar\u00e1 el ordenamiento para las series del domingo.<\/p>\n\n\n\n<p>La actividad decisiva llegar\u00e1 ma\u00f1ana.<\/p>\n\n\n\n<p>La primera serie de la Clase 3 est\u00e1 prevista para las 11:10 y la segunda para las 11:40.<\/p>\n\n\n\n<p>La gran final comenzar\u00e1 a las 14:00 y tendr\u00e1 una duraci\u00f3n de 18 vueltas o un m\u00e1ximo de 40 minutos.<\/p>\n\n\n\n<p>Con un comienzo a s\u00f3lo 20 mil\u00e9simas de la punta, Risatti volvi\u00f3 a mostrar que tiene ritmo para ser protagonista. Laboulaye seguir\u00e1 de cerca durante todo el fin de semana lo que ocurra con Ca\u00edto en Ober\u00e1.<\/p>\n","protected":false},"excerpt":{"rendered":"<p>El piloto de Laboulaye comenz\u00f3 con muy buen ritmo la octava fecha de la Clase 3 del TN APAT en Misiones. En el primer entrenamiento [&hellip;]<\/p>\n","protected":false},"author":1,"featured_media":1805,"comment_status":"closed","ping_status":"closed","sticky":false,"template":"","format":"standard","meta":{"om_disable_all_campaigns":false,"_monsterinsights_skip_tracking":false},"categories":[4],"tags":[],"aioseo_notices":[],"aioseo_head":"\n\t\t<!-- All in One SEO 5.0.1 - aioseo.com -->\n\t<meta name=\"description\" content=\"El piloto de Laboulaye comenz\u00f3 con muy buen ritmo la octava fecha de la Clase 3 del TN APAT en Misiones. En el primer entrenamiento qued\u00f3 a solamente 20 mil\u00e9simas del mejor registro. Ricardo \u201cCa\u00edto\u201d Risatti volvi\u00f3 a poner a Laboulaye entre los protagonistas del automovilismo nacional. El piloto cordob\u00e9s comenz\u00f3 este s\u00e1bado su participaci\u00f3n\" \/>\n\t<meta name=\"robots\" content=\"max-image-preview:large\" \/>\n\t<link rel=\"canonical\" href=\"https:\/\/deportesenlaboulaye.com.ar\/index.php\/2026\/08\/29\/caito-risatti-arranco-segundo-en-obera-y-va-por-un-gran-fin-de-semana-en-el-turismo-nacional\/\" \/>\n\t<meta name=\"generator\" content=\"All in One SEO (AIOSEO) 5.0.1\" \/>\n\t\t<meta property=\"og:locale\" content=\"es_ES\" \/>\n\t\t<meta property=\"og:site_name\" content=\"- Todo el deporte del sur de C\u00f3rdoba\" \/>\n\t\t<meta property=\"og:type\" content=\"article\" \/>\n\t\t<meta property=\"og:title\" content=\"Ca\u00edto Risatti arranc\u00f3 segundo en Ober\u00e1 y va por un gran fin de semana en el Turismo Nacional -\" \/>\n\t\t<meta property=\"og:description\" content=\"El piloto de Laboulaye comenz\u00f3 con muy buen ritmo la octava fecha de la Clase 3 del TN APAT en Misiones. En el primer entrenamiento qued\u00f3 a solamente 20 mil\u00e9simas del mejor registro. Ricardo \u201cCa\u00edto\u201d Risatti volvi\u00f3 a poner a Laboulaye entre los protagonistas del automovilismo nacional. El piloto cordob\u00e9s comenz\u00f3 este s\u00e1bado su participaci\u00f3n\" \/>\n\t\t<meta property=\"og:url\" content=\"https:\/\/deportesenlaboulaye.com.ar\/index.php\/2026\/08\/29\/caito-risatti-arranco-segundo-en-obera-y-va-por-un-gran-fin-de-semana-en-el-turismo-nacional\/\" \/>\n\t\t<meta property=\"og:image\" content=\"https:\/\/deportesenlaboulaye.com.ar\/wp-content\/uploads\/2021\/10\/deporte.jpg\" \/>\n\t\t<meta property=\"og:image:secure_url\" content=\"https:\/\/deportesenlaboulaye.com.ar\/wp-content\/uploads\/2021\/10\/deporte.jpg\" \/>\n\t\t<meta property=\"article:published_time\" content=\"2026-08-29T17:45:02+00:00\" \/>\n\t\t<meta property=\"article:modified_time\" content=\"2026-08-29T17:45:03+00:00\" \/>\n\t\t<meta name=\"twitter:card\" content=\"summary\" \/>\n\t\t<meta name=\"twitter:title\" content=\"Ca\u00edto Risatti arranc\u00f3 segundo en Ober\u00e1 y va por un gran fin de semana en el Turismo Nacional -\" \/>\n\t\t<meta name=\"twitter:description\" content=\"El piloto de Laboulaye comenz\u00f3 con muy buen ritmo la octava fecha de la Clase 3 del TN APAT en Misiones. En el primer entrenamiento qued\u00f3 a solamente 20 mil\u00e9simas del mejor registro. Ricardo \u201cCa\u00edto\u201d Risatti volvi\u00f3 a poner a Laboulaye entre los protagonistas del automovilismo nacional. El piloto cordob\u00e9s comenz\u00f3 este s\u00e1bado su participaci\u00f3n\" \/>\n\t\t<meta name=\"twitter:image\" content=\"https:\/\/deportesenlaboulaye.com.ar\/wp-content\/uploads\/2021\/10\/deporte.jpg\" \/>\n\t\t<script type=\"application\/ld+json\" class=\"aioseo-schema\">\n\t\t\t{\"@context\":\"https:\\\/\\\/schema.org\",\"@graph\":[{\"@type\":\"BlogPosting\",\"@id\":\"https:\\\/\\\/deportesenlaboulaye.com.ar\\\/index.php\\\/2026\\\/08\\\/29\\\/caito-risatti-arranco-segundo-en-obera-y-va-por-un-gran-fin-de-semana-en-el-turismo-nacional\\\/#blogposting\",\"name\":\"Ca\\u00edto Risatti arranc\\u00f3 segundo en Ober\\u00e1 y va por un gran fin de semana en el Turismo Nacional -\",\"headline\":\"Ca\\u00edto Risatti arranc\\u00f3 segundo en Ober\\u00e1 y va por un gran fin de semana en el Turismo Nacional\",\"author\":{\"@id\":\"https:\\\/\\\/deportesenlaboulaye.com.ar\\\/index.php\\\/author\\\/audanoymessi\\\/#author\"},\"publisher\":{\"@id\":\"https:\\\/\\\/deportesenlaboulaye.com.ar\\\/#organization\"},\"image\":{\"@type\":\"ImageObject\",\"url\":\"https:\\\/\\\/deportesenlaboulaye.com.ar\\\/wp-content\\\/uploads\\\/2026\\\/08\\\/Trucco-TC-2026.jpeg\",\"width\":976,\"height\":650},\"datePublished\":\"2026-08-29T17:45:02+00:00\",\"dateModified\":\"2026-08-29T17:45:03+00:00\",\"inLanguage\":\"es-ES\",\"mainEntityOfPage\":{\"@id\":\"https:\\\/\\\/deportesenlaboulaye.com.ar\\\/index.php\\\/2026\\\/08\\\/29\\\/caito-risatti-arranco-segundo-en-obera-y-va-por-un-gran-fin-de-semana-en-el-turismo-nacional\\\/#webpage\"},\"isPartOf\":{\"@id\":\"https:\\\/\\\/deportesenlaboulaye.com.ar\\\/index.php\\\/2026\\\/08\\\/29\\\/caito-risatti-arranco-segundo-en-obera-y-va-por-un-gran-fin-de-semana-en-el-turismo-nacional\\\/#webpage\"},\"articleSection\":\"Nacionales\"},{\"@type\":\"BreadcrumbList\",\"@id\":\"https:\\\/\\\/deportesenlaboulaye.com.ar\\\/index.php\\\/2026\\\/08\\\/29\\\/caito-risatti-arranco-segundo-en-obera-y-va-por-un-gran-fin-de-semana-en-el-turismo-nacional\\\/#breadcrumblist\",\"itemListElement\":[{\"@type\":\"ListItem\",\"@id\":\"https:\\\/\\\/deportesenlaboulaye.com.ar#listItem\",\"position\":1,\"name\":\"Inicio\",\"item\":\"https:\\\/\\\/deportesenlaboulaye.com.ar\",\"nextItem\":{\"@type\":\"ListItem\",\"@id\":\"https:\\\/\\\/deportesenlaboulaye.com.ar\\\/index.php\\\/category\\\/nacionales\\\/#listItem\",\"name\":\"Nacionales\"}},{\"@type\":\"ListItem\",\"@id\":\"https:\\\/\\\/deportesenlaboulaye.com.ar\\\/index.php\\\/category\\\/nacionales\\\/#listItem\",\"position\":2,\"name\":\"Nacionales\",\"item\":\"https:\\\/\\\/deportesenlaboulaye.com.ar\\\/index.php\\\/category\\\/nacionales\\\/\",\"nextItem\":{\"@type\":\"ListItem\",\"@id\":\"https:\\\/\\\/deportesenlaboulaye.com.ar\\\/index.php\\\/2026\\\/08\\\/29\\\/caito-risatti-arranco-segundo-en-obera-y-va-por-un-gran-fin-de-semana-en-el-turismo-nacional\\\/#listItem\",\"name\":\"Ca\\u00edto Risatti arranc\\u00f3 segundo en Ober\\u00e1 y va por un gran fin de semana en el Turismo Nacional\"},\"previousItem\":{\"@type\":\"ListItem\",\"@id\":\"https:\\\/\\\/deportesenlaboulaye.com.ar#listItem\",\"name\":\"Inicio\"}},{\"@type\":\"ListItem\",\"@id\":\"https:\\\/\\\/deportesenlaboulaye.com.ar\\\/index.php\\\/2026\\\/08\\\/29\\\/caito-risatti-arranco-segundo-en-obera-y-va-por-un-gran-fin-de-semana-en-el-turismo-nacional\\\/#listItem\",\"position\":3,\"name\":\"Ca\\u00edto Risatti arranc\\u00f3 segundo en Ober\\u00e1 y va por un gran fin de semana en el Turismo Nacional\",\"previousItem\":{\"@type\":\"ListItem\",\"@id\":\"https:\\\/\\\/deportesenlaboulaye.com.ar\\\/index.php\\\/category\\\/nacionales\\\/#listItem\",\"name\":\"Nacionales\"}}]},{\"@type\":\"Organization\",\"@id\":\"https:\\\/\\\/deportesenlaboulaye.com.ar\\\/#organization\",\"name\":\"Deportes en Laboulaye\",\"description\":\"Todo el deporte del sur de C\\u00f3rdoba\",\"url\":\"https:\\\/\\\/deportesenlaboulaye.com.ar\\\/\",\"logo\":{\"@type\":\"ImageObject\",\"url\":\"https:\\\/\\\/deportesenlaboulaye.com.ar\\\/wp-content\\\/uploads\\\/2021\\\/10\\\/deporte.jpg\",\"@id\":\"https:\\\/\\\/deportesenlaboulaye.com.ar\\\/index.php\\\/2026\\\/08\\\/29\\\/caito-risatti-arranco-segundo-en-obera-y-va-por-un-gran-fin-de-semana-en-el-turismo-nacional\\\/#organizationLogo\",\"width\":940,\"height\":232},\"image\":{\"@id\":\"https:\\\/\\\/deportesenlaboulaye.com.ar\\\/index.php\\\/2026\\\/08\\\/29\\\/caito-risatti-arranco-segundo-en-obera-y-va-por-un-gran-fin-de-semana-en-el-turismo-nacional\\\/#organizationLogo\"}},{\"@type\":\"Person\",\"@id\":\"https:\\\/\\\/deportesenlaboulaye.com.ar\\\/index.php\\\/author\\\/audanoymessi\\\/#author\",\"url\":\"https:\\\/\\\/deportesenlaboulaye.com.ar\\\/index.php\\\/author\\\/audanoymessi\\\/\",\"image\":{\"@type\":\"ImageObject\",\"@id\":\"https:\\\/\\\/deportesenlaboulaye.com.ar\\\/index.php\\\/2026\\\/08\\\/29\\\/caito-risatti-arranco-segundo-en-obera-y-va-por-un-gran-fin-de-semana-en-el-turismo-nacional\\\/#authorImage\",\"url\":\"https:\\\/\\\/secure.gravatar.com\\\/avatar\\\/5d00322f3169e9c39f93e3d531c9e312?s=96&d=blank&r=g\",\"width\":96,\"height\":96}},{\"@type\":\"WebPage\",\"@id\":\"https:\\\/\\\/deportesenlaboulaye.com.ar\\\/index.php\\\/2026\\\/08\\\/29\\\/caito-risatti-arranco-segundo-en-obera-y-va-por-un-gran-fin-de-semana-en-el-turismo-nacional\\\/#webpage\",\"url\":\"https:\\\/\\\/deportesenlaboulaye.com.ar\\\/index.php\\\/2026\\\/08\\\/29\\\/caito-risatti-arranco-segundo-en-obera-y-va-por-un-gran-fin-de-semana-en-el-turismo-nacional\\\/\",\"name\":\"Ca\\u00edto Risatti arranc\\u00f3 segundo en Ober\\u00e1 y va por un gran fin de semana en el Turismo Nacional -\",\"description\":\"El piloto de Laboulaye comenz\\u00f3 con muy buen ritmo la octava fecha de la Clase 3 del TN APAT en Misiones. En el primer entrenamiento qued\\u00f3 a solamente 20 mil\\u00e9simas del mejor registro. Ricardo \\u201cCa\\u00edto\\u201d Risatti volvi\\u00f3 a poner a Laboulaye entre los protagonistas del automovilismo nacional. El piloto cordob\\u00e9s comenz\\u00f3 este s\\u00e1bado su participaci\\u00f3n\",\"inLanguage\":\"es-ES\",\"isPartOf\":{\"@id\":\"https:\\\/\\\/deportesenlaboulaye.com.ar\\\/#website\"},\"breadcrumb\":{\"@id\":\"https:\\\/\\\/deportesenlaboulaye.com.ar\\\/index.php\\\/2026\\\/08\\\/29\\\/caito-risatti-arranco-segundo-en-obera-y-va-por-un-gran-fin-de-semana-en-el-turismo-nacional\\\/#breadcrumblist\"},\"author\":{\"@id\":\"https:\\\/\\\/deportesenlaboulaye.com.ar\\\/index.php\\\/author\\\/audanoymessi\\\/#author\"},\"creator\":{\"@id\":\"https:\\\/\\\/deportesenlaboulaye.com.ar\\\/index.php\\\/author\\\/audanoymessi\\\/#author\"},\"image\":{\"@type\":\"ImageObject\",\"url\":\"https:\\\/\\\/deportesenlaboulaye.com.ar\\\/wp-content\\\/uploads\\\/2026\\\/08\\\/Trucco-TC-2026.jpeg\",\"@id\":\"https:\\\/\\\/deportesenlaboulaye.com.ar\\\/index.php\\\/2026\\\/08\\\/29\\\/caito-risatti-arranco-segundo-en-obera-y-va-por-un-gran-fin-de-semana-en-el-turismo-nacional\\\/#mainImage\",\"width\":976,\"height\":650},\"primaryImageOfPage\":{\"@id\":\"https:\\\/\\\/deportesenlaboulaye.com.ar\\\/index.php\\\/2026\\\/08\\\/29\\\/caito-risatti-arranco-segundo-en-obera-y-va-por-un-gran-fin-de-semana-en-el-turismo-nacional\\\/#mainImage\"},\"datePublished\":\"2026-08-29T17:45:02+00:00\",\"dateModified\":\"2026-08-29T17:45:03+00:00\"},{\"@type\":\"WebSite\",\"@id\":\"https:\\\/\\\/deportesenlaboulaye.com.ar\\\/#website\",\"url\":\"https:\\\/\\\/deportesenlaboulaye.com.ar\\\/\",\"description\":\"Todo el deporte del sur de C\\u00f3rdoba\",\"inLanguage\":\"es-ES\",\"publisher\":{\"@id\":\"https:\\\/\\\/deportesenlaboulaye.com.ar\\\/#organization\"}}]}\n\t\t<\/script>\n\t\t<!-- All in One SEO -->\n\n","aioseo_head_json":{"title":"Ca\u00edto Risatti arranc\u00f3 segundo en Ober\u00e1 y va por un gran fin de semana en el Turismo Nacional -","description":"El piloto de Laboulaye comenz\u00f3 con muy buen ritmo la octava fecha de la Clase 3 del TN APAT en Misiones. En el primer entrenamiento qued\u00f3 a solamente 20 mil\u00e9simas del mejor registro. Ricardo \u201cCa\u00edto\u201d Risatti volvi\u00f3 a poner a Laboulaye entre los protagonistas del automovilismo nacional. El piloto cordob\u00e9s comenz\u00f3 este s\u00e1bado su participaci\u00f3n","canonical_url":"https:\/\/deportesenlaboulaye.com.ar\/index.php\/2026\/08\/29\/caito-risatti-arranco-segundo-en-obera-y-va-por-un-gran-fin-de-semana-en-el-turismo-nacional\/","robots":"max-image-preview:large","keywords":"","webmasterTools":{"miscellaneous":""},"schema":{"@context":"https:\/\/schema.org","@graph":[{"@type":"BlogPosting","@id":"https:\/\/deportesenlaboulaye.com.ar\/index.php\/2026\/08\/29\/caito-risatti-arranco-segundo-en-obera-y-va-por-un-gran-fin-de-semana-en-el-turismo-nacional\/#blogposting","name":"Ca\u00edto Risatti arranc\u00f3 segundo en Ober\u00e1 y va por un gran fin de semana en el Turismo Nacional -","headline":"Ca\u00edto Risatti arranc\u00f3 segundo en Ober\u00e1 y va por un gran fin de semana en el Turismo Nacional","author":{"@id":"https:\/\/deportesenlaboulaye.com.ar\/index.php\/author\/audanoymessi\/#author"},"publisher":{"@id":"https:\/\/deportesenlaboulaye.com.ar\/#organization"},"image":{"@type":"ImageObject","url":"https:\/\/deportesenlaboulaye.com.ar\/wp-content\/uploads\/2026\/08\/Trucco-TC-2026.jpeg","width":976,"height":650},"datePublished":"2026-08-29T17:45:02+00:00","dateModified":"2026-08-29T17:45:03+00:00","inLanguage":"es-ES","mainEntityOfPage":{"@id":"https:\/\/deportesenlaboulaye.com.ar\/index.php\/2026\/08\/29\/caito-risatti-arranco-segundo-en-obera-y-va-por-un-gran-fin-de-semana-en-el-turismo-nacional\/#webpage"},"isPartOf":{"@id":"https:\/\/deportesenlaboulaye.com.ar\/index.php\/2026\/08\/29\/caito-risatti-arranco-segundo-en-obera-y-va-por-un-gran-fin-de-semana-en-el-turismo-nacional\/#webpage"},"articleSection":"Nacionales"},{"@type":"BreadcrumbList","@id":"https:\/\/deportesenlaboulaye.com.ar\/index.php\/2026\/08\/29\/caito-risatti-arranco-segundo-en-obera-y-va-por-un-gran-fin-de-semana-en-el-turismo-nacional\/#breadcrumblist","itemListElement":[{"@type":"ListItem","@id":"https:\/\/deportesenlaboulaye.com.ar#listItem","position":1,"name":"Inicio","item":"https:\/\/deportesenlaboulaye.com.ar","nextItem":{"@type":"ListItem","@id":"https:\/\/deportesenlaboulaye.com.ar\/index.php\/category\/nacionales\/#listItem","name":"Nacionales"}},{"@type":"ListItem","@id":"https:\/\/deportesenlaboulaye.com.ar\/index.php\/category\/nacionales\/#listItem","position":2,"name":"Nacionales","item":"https:\/\/deportesenlaboulaye.com.ar\/index.php\/category\/nacionales\/","nextItem":{"@type":"ListItem","@id":"https:\/\/deportesenlaboulaye.com.ar\/index.php\/2026\/08\/29\/caito-risatti-arranco-segundo-en-obera-y-va-por-un-gran-fin-de-semana-en-el-turismo-nacional\/#listItem","name":"Ca\u00edto Risatti arranc\u00f3 segundo en Ober\u00e1 y va por un gran fin de semana en el Turismo Nacional"},"previousItem":{"@type":"ListItem","@id":"https:\/\/deportesenlaboulaye.com.ar#listItem","name":"Inicio"}},{"@type":"ListItem","@id":"https:\/\/deportesenlaboulaye.com.ar\/index.php\/2026\/08\/29\/caito-risatti-arranco-segundo-en-obera-y-va-por-un-gran-fin-de-semana-en-el-turismo-nacional\/#listItem","position":3,"name":"Ca\u00edto Risatti arranc\u00f3 segundo en Ober\u00e1 y va por un gran fin de semana en el Turismo Nacional","previousItem":{"@type":"ListItem","@id":"https:\/\/deportesenlaboulaye.com.ar\/index.php\/category\/nacionales\/#listItem","name":"Nacionales"}}]},{"@type":"Organization","@id":"https:\/\/deportesenlaboulaye.com.ar\/#organization","name":"Deportes en Laboulaye","description":"Todo el deporte del sur de C\u00f3rdoba","url":"https:\/\/deportesenlaboulaye.com.ar\/","logo":{"@type":"ImageObject","url":"https:\/\/deportesenlaboulaye.com.ar\/wp-content\/uploads\/2021\/10\/deporte.jpg","@id":"https:\/\/deportesenlaboulaye.com.ar\/index.php\/2026\/08\/29\/caito-risatti-arranco-segundo-en-obera-y-va-por-un-gran-fin-de-semana-en-el-turismo-nacional\/#organizationLogo","width":940,"height":232},"image":{"@id":"https:\/\/deportesenlaboulaye.com.ar\/index.php\/2026\/08\/29\/caito-risatti-arranco-segundo-en-obera-y-va-por-un-gran-fin-de-semana-en-el-turismo-nacional\/#organizationLogo"}},{"@type":"Person","@id":"https:\/\/deportesenlaboulaye.com.ar\/index.php\/author\/audanoymessi\/#author","url":"https:\/\/deportesenlaboulaye.com.ar\/index.php\/author\/audanoymessi\/","image":{"@type":"ImageObject","@id":"https:\/\/deportesenlaboulaye.com.ar\/index.php\/2026\/08\/29\/caito-risatti-arranco-segundo-en-obera-y-va-por-un-gran-fin-de-semana-en-el-turismo-nacional\/#authorImage","url":"https:\/\/secure.gravatar.com\/avatar\/5d00322f3169e9c39f93e3d531c9e312?s=96&d=blank&r=g","width":96,"height":96}},{"@type":"WebPage","@id":"https:\/\/deportesenlaboulaye.com.ar\/index.php\/2026\/08\/29\/caito-risatti-arranco-segundo-en-obera-y-va-por-un-gran-fin-de-semana-en-el-turismo-nacional\/#webpage","url":"https:\/\/deportesenlaboulaye.com.ar\/index.php\/2026\/08\/29\/caito-risatti-arranco-segundo-en-obera-y-va-por-un-gran-fin-de-semana-en-el-turismo-nacional\/","name":"Ca\u00edto Risatti arranc\u00f3 segundo en Ober\u00e1 y va por un gran fin de semana en el Turismo Nacional -","description":"El piloto de Laboulaye comenz\u00f3 con muy buen ritmo la octava fecha de la Clase 3 del TN APAT en Misiones. En el primer entrenamiento qued\u00f3 a solamente 20 mil\u00e9simas del mejor registro. Ricardo \u201cCa\u00edto\u201d Risatti volvi\u00f3 a poner a Laboulaye entre los protagonistas del automovilismo nacional. El piloto cordob\u00e9s comenz\u00f3 este s\u00e1bado su participaci\u00f3n","inLanguage":"es-ES","isPartOf":{"@id":"https:\/\/deportesenlaboulaye.com.ar\/#website"},"breadcrumb":{"@id":"https:\/\/deportesenlaboulaye.com.ar\/index.php\/2026\/08\/29\/caito-risatti-arranco-segundo-en-obera-y-va-por-un-gran-fin-de-semana-en-el-turismo-nacional\/#breadcrumblist"},"author":{"@id":"https:\/\/deportesenlaboulaye.com.ar\/index.php\/author\/audanoymessi\/#author"},"creator":{"@id":"https:\/\/deportesenlaboulaye.com.ar\/index.php\/author\/audanoymessi\/#author"},"image":{"@type":"ImageObject","url":"https:\/\/deportesenlaboulaye.com.ar\/wp-content\/uploads\/2026\/08\/Trucco-TC-2026.jpeg","@id":"https:\/\/deportesenlaboulaye.com.ar\/index.php\/2026\/08\/29\/caito-risatti-arranco-segundo-en-obera-y-va-por-un-gran-fin-de-semana-en-el-turismo-nacional\/#mainImage","width":976,"height":650},"primaryImageOfPage":{"@id":"https:\/\/deportesenlaboulaye.com.ar\/index.php\/2026\/08\/29\/caito-risatti-arranco-segundo-en-obera-y-va-por-un-gran-fin-de-semana-en-el-turismo-nacional\/#mainImage"},"datePublished":"2026-08-29T17:45:02+00:00","dateModified":"2026-08-29T17:45:03+00:00"},{"@type":"WebSite","@id":"https:\/\/deportesenlaboulaye.com.ar\/#website","url":"https:\/\/deportesenlaboulaye.com.ar\/","description":"Todo el deporte del sur de C\u00f3rdoba","inLanguage":"es-ES","publisher":{"@id":"https:\/\/deportesenlaboulaye.com.ar\/#organization"}}]},"og:locale":"es_ES","og:site_name":"- Todo el deporte del sur de C\u00f3rdoba","og:type":"article","og:title":"Ca\u00edto Risatti arranc\u00f3 segundo en Ober\u00e1 y va por un gran fin de semana en el Turismo Nacional -","og:description":"El piloto de Laboulaye comenz\u00f3 con muy buen ritmo la octava fecha de la Clase 3 del TN APAT en Misiones. En el primer entrenamiento qued\u00f3 a solamente 20 mil\u00e9simas del mejor registro. Ricardo \u201cCa\u00edto\u201d Risatti volvi\u00f3 a poner a Laboulaye entre los protagonistas del automovilismo nacional. El piloto cordob\u00e9s comenz\u00f3 este s\u00e1bado su participaci\u00f3n","og:url":"https:\/\/deportesenlaboulaye.com.ar\/index.php\/2026\/08\/29\/caito-risatti-arranco-segundo-en-obera-y-va-por-un-gran-fin-de-semana-en-el-turismo-nacional\/","og:image":"https:\/\/deportesenlaboulaye.com.ar\/wp-content\/uploads\/2021\/10\/deporte.jpg","og:image:secure_url":"https:\/\/deportesenlaboulaye.com.ar\/wp-content\/uploads\/2021\/10\/deporte.jpg","article:published_time":"2026-08-29T17:45:02+00:00","article:modified_time":"2026-08-29T17:45:03+00:00","twitter:card":"summary","twitter:title":"Ca\u00edto Risatti arranc\u00f3 segundo en Ober\u00e1 y va por un gran fin de semana en el Turismo Nacional -","twitter:description":"El piloto de Laboulaye comenz\u00f3 con muy buen ritmo la octava fecha de la Clase 3 del TN APAT en Misiones. En el primer entrenamiento qued\u00f3 a solamente 20 mil\u00e9simas del mejor registro. Ricardo \u201cCa\u00edto\u201d Risatti volvi\u00f3 a poner a Laboulaye entre los protagonistas del automovilismo nacional. El piloto cordob\u00e9s comenz\u00f3 este s\u00e1bado su participaci\u00f3n","twitter:image":"https:\/\/deportesenlaboulaye.com.ar\/wp-content\/uploads\/2021\/10\/deporte.jpg"},"aioseo_meta_data":{"post_id":"1804","title":null,"description":null,"keywords":null,"keyphrases":{"focus":{"keyphrase":"","score":0,"analysis":{"keyphraseInTitle":{"score":0,"maxScore":9,"error":1}}},"additional":[]},"canonical_url":null,"og_title":null,"og_description":null,"og_object_type":"default","og_image_type":"default","og_image_url":null,"og_image_width":null,"og_image_height":null,"og_image_custom_url":null,"og_image_custom_fields":null,"og_video":"","og_custom_url":null,"og_article_section":null,"og_article_tags":null,"twitter_use_og":false,"twitter_card":"default","twitter_image_type":"default","twitter_image_url":null,"twitter_image_custom_url":null,"twitter_image_custom_fields":null,"twitter_title":null,"twitter_description":null,"schema_type":"default","schema_type_options":null,"pillar_content":false,"robots_default":true,"robots_noindex":false,"robots_noarchive":false,"robots_nosnippet":false,"robots_nofollow":false,"robots_noimageindex":false,"robots_noodp":false,"robots_notranslate":false,"robots_max_snippet":"-1","robots_max_videopreview":"-1","robots_max_imagepreview":"large","priority":null,"frequency":"default","local_seo":null,"created":"2026-08-29 17:45:03","updated":"2026-08-29 17:45:03","focus_keyword":null,"additional_keywords":null,"truseo_locale":null,"primary_term":null,"schema":{"blockGraphs":[],"customGraphs":[],"default":{"data":{"Article":[],"Course":[],"Dataset":[],"FAQPage":[],"Movie":[],"Person":[],"Product":[],"ProductReview":[],"Car":[],"Recipe":[],"Service":[],"SoftwareApplication":[],"WebPage":[]},"graphName":"BlogPosting","isEnabled":true},"graphs":[]},"limit_modified_date":false,"ai":{"faqs":[],"keyPoints":[],"schemas":[],"titles":[],"descriptions":[],"socialPosts":{"email":{"subject":"","preview":"","content":""},"linkedin":[],"twitter":[],"facebook":[],"instagram":[]}},"breadcrumb_settings":null,"seo_analyzer_scan_date":null},"aioseo_breadcrumb":"<div class=\"aioseo-breadcrumbs\"><span class=\"aioseo-breadcrumb\">\n\t\t\t<a href=\"https:\/\/deportesenlaboulaye.com.ar\" title=\"Inicio\">Inicio<\/a>\n\t\t<\/span><span class=\"aioseo-breadcrumb-separator\">&raquo;<\/span><span class=\"aioseo-breadcrumb\">\n\t\t\t<a href=\"https:\/\/deportesenlaboulaye.com.ar\/index.php\/category\/nacionales\/\" title=\"Nacionales\">Nacionales<\/a>\n\t\t<\/span><span class=\"aioseo-breadcrumb-separator\">&raquo;<\/span><span class=\"aioseo-breadcrumb\">\n\t\t\tCa\u00edto Risatti arranc\u00f3 segundo en Ober\u00e1 y va por un gran fin de semana en el Turismo Nacional\n\t\t<\/span><\/div>","aioseo_breadcrumb_json":[{"label":"Inicio","link":"https:\/\/deportesenlaboulaye.com.ar"},{"label":"Nacionales","link":"https:\/\/deportesenlaboulaye.com.ar\/index.php\/category\/nacionales\/"},{"label":"Ca\u00edto Risatti arranc\u00f3 segundo en Ober\u00e1 y va por un gran fin de semana en el Turismo Nacional","link":"https:\/\/deportesenlaboulaye.com.ar\/index.php\/2026\/08\/29\/caito-risatti-arranco-segundo-en-obera-y-va-por-un-gran-fin-de-semana-en-el-turismo-nacional\/"}],"_links":{"self":[{"href":"https:\/\/deportesenlaboulaye.com.ar\/index.php\/wp-json\/wp\/v2\/posts\/1804"}],"collection":[{"href":"https:\/\/deportesenlaboulaye.com.ar\/index.php\/wp-json\/wp\/v2\/posts"}],"about":[{"href":"https:\/\/deportesenlaboulaye.com.ar\/index.php\/wp-json\/wp\/v2\/types\/post"}],"author":[{"embeddable":true,"href":"https:\/\/deportesenlaboulaye.com.ar\/index.php\/wp-json\/wp\/v2\/users\/1"}],"replies":[{"embeddable":true,"href":"https:\/\/deportesenlaboulaye.com.ar\/index.php\/wp-json\/wp\/v2\/comments?post=1804"}],"version-history":[{"count":1,"href":"https:\/\/deportesenlaboulaye.com.ar\/index.php\/wp-json\/wp\/v2\/posts\/1804\/revisions"}],"predecessor-version":[{"id":1806,"href":"https:\/\/deportesenlaboulaye.com.ar\/index.php\/wp-json\/wp\/v2\/posts\/1804\/revisions\/1806"}],"wp:featuredmedia":[{"embeddable":true,"href":"https:\/\/deportesenlaboulaye.com.ar\/index.php\/wp-json\/wp\/v2\/media\/1805"}],"wp:attachment":[{"href":"https:\/\/deportesenlaboulaye.com.ar\/index.php\/wp-json\/wp\/v2\/media?parent=1804"}],"wp:term":[{"taxonomy":"category","embeddable":true,"href":"https:\/\/deportesenlaboulaye.com.ar\/index.php\/wp-json\/wp\/v2\/categories?post=1804"},{"taxonomy":"post_tag","embeddable":true,"href":"https:\/\/deportesenlaboulaye.com.ar\/index.php\/wp-json\/wp\/v2\/tags?post=1804"}],"curies":[{"name":"wp","href":"https:\/\/api.w.org\/{rel}","templated":true}]}}