{"id":1811,"date":"2026-09-04T14:37:58","date_gmt":"2026-09-04T14:37:58","guid":{"rendered":"https:\/\/deportesenlaboulaye.com.ar\/?p=1811"},"modified":"2026-09-04T14:37:59","modified_gmt":"2026-09-04T14:37:59","slug":"cordoba-sera-sede-del-59-torneo-argentino-de-karate","status":"publish","type":"post","link":"https:\/\/deportesenlaboulaye.com.ar\/index.php\/2026\/09\/04\/cordoba-sera-sede-del-59-torneo-argentino-de-karate\/","title":{"rendered":"C\u00f3rdoba ser\u00e1 sede del 59\u00b0 Torneo Argentino de Karate"},"content":{"rendered":"\n<p><\/p>\n\n\n\n<p><strong>\u2013 El mayor evento nacional de la disciplina se realizar\u00e1 en el Polideportivo Municipal Carlos Cerutti.<br>\u2013 Contar\u00e1 con la participaci\u00f3n de delegaciones de todo el pa\u00eds y atletas de las Selecciones Nacionales.<\/strong><\/p>\n\n\n\n<p>C\u00f3rdoba se prepara para recibir una nueva edici\u00f3n del \u201cTorneo Argentino de Karate\u201d, que este a\u00f1o celebra su 59\u00b0 edici\u00f3n y reunir\u00e1 del 11 al 13 de septiembre a representantes de distintas provincias en el Polideportivo Municipal Carlos Cerutti.<br><br>El certamen contar\u00e1 con la participaci\u00f3n de delegaciones de Salta, R\u00edo Negro, Chubut, Tucum\u00e1n, La Rioja, Mendoza, Santiago del Estero, Santa Fe, Buenos Aires y Catamarca, entre otras, adem\u00e1s de competidores que integran las Selecciones Nacionales de Mayores y Juveniles.<br><br>La actividad comenzar\u00e1 el viernes 11 con los Cursos de Arbitraje de Kumite y Kata, mientras que el s\u00e1bado 12 ser\u00e1 el turno de las categor\u00edas de Kata y Kumite No Ranking, Kata Ranking y Para-Karate, modalidad destinada a personas con discapacidad.<br><br>El domingo 13 se desarrollar\u00e1n las competencias correspondientes a las categor\u00edas de Ranking, que otorgar\u00e1n puntos para la conformaci\u00f3n de la Selecci\u00f3n Nacional 2027.<\/p>\n\n\n\n<figure class=\"wp-block-gallery columns-2 is-cropped\"><ul class=\"blocks-gallery-grid\"><li class=\"blocks-gallery-item\"><figure><img loading=\"lazy\" width=\"993\" height=\"662\" src=\"https:\/\/deportesenlaboulaye.com.ar\/wp-content\/uploads\/2026\/09\/GOBIERNO.jpg\" alt=\"\" data-id=\"1812\" data-full-url=\"https:\/\/deportesenlaboulaye.com.ar\/wp-content\/uploads\/2026\/09\/GOBIERNO.jpg\" data-link=\"https:\/\/deportesenlaboulaye.com.ar\/?attachment_id=1812\" class=\"wp-image-1812\" srcset=\"https:\/\/deportesenlaboulaye.com.ar\/wp-content\/uploads\/2026\/09\/GOBIERNO.jpg 993w, https:\/\/deportesenlaboulaye.com.ar\/wp-content\/uploads\/2026\/09\/GOBIERNO-300x200.jpg 300w, https:\/\/deportesenlaboulaye.com.ar\/wp-content\/uploads\/2026\/09\/GOBIERNO-768x512.jpg 768w\" sizes=\"(max-width: 993px) 100vw, 993px\" \/><\/figure><\/li><li class=\"blocks-gallery-item\"><figure><img loading=\"lazy\" width=\"992\" height=\"662\" src=\"https:\/\/deportesenlaboulaye.com.ar\/wp-content\/uploads\/2026\/09\/GOBIERNO-2.jpg\" alt=\"\" data-id=\"1813\" data-full-url=\"https:\/\/deportesenlaboulaye.com.ar\/wp-content\/uploads\/2026\/09\/GOBIERNO-2.jpg\" data-link=\"https:\/\/deportesenlaboulaye.com.ar\/?attachment_id=1813\" class=\"wp-image-1813\" srcset=\"https:\/\/deportesenlaboulaye.com.ar\/wp-content\/uploads\/2026\/09\/GOBIERNO-2.jpg 992w, https:\/\/deportesenlaboulaye.com.ar\/wp-content\/uploads\/2026\/09\/GOBIERNO-2-300x200.jpg 300w, https:\/\/deportesenlaboulaye.com.ar\/wp-content\/uploads\/2026\/09\/GOBIERNO-2-768x513.jpg 768w\" sizes=\"(max-width: 992px) 100vw, 992px\" \/><\/figure><\/li><\/ul><\/figure>\n\n\n\n<p>El torneo representa adem\u00e1s una importante oportunidad para seguir fortaleciendo el desarrollo del karate en C\u00f3rdoba y generar un movimiento que trasciende lo deportivo. La llegada de delegaciones, competidores y espectadores de distintos puntos del pa\u00eds permitir\u00e1 tambi\u00e9n potenciar la actividad tur\u00edstica y econ\u00f3mica de la ciudad durante todo el fin de semana.<\/p>\n\n\n\n<p>El \u201c59\u00b0 Torneo Argentino de Karate\u201d cuenta con el acompa\u00f1amiento del Gobierno de C\u00f3rdoba a trav\u00e9s de la Agencia C\u00f3rdoba Deportes, junto a la Secretar\u00eda de Fortalecimiento Vecinal y Deportes.<\/p>\n\n\n\n<p>Durante tres jornadas, C\u00f3rdoba ser\u00e1 escenario de una verdadera fiesta nacional del karate, con atletas de todo el pa\u00eds y las nuevas generaciones de la disciplina como protagonistas.<\/p>\n","protected":false},"excerpt":{"rendered":"<p>\u2013 El mayor evento nacional de la disciplina se realizar\u00e1 en el Polideportivo Municipal Carlos Cerutti.\u2013 Contar\u00e1 con la participaci\u00f3n de delegaciones de todo el [&hellip;]<\/p>\n","protected":false},"author":1,"featured_media":1814,"comment_status":"closed","ping_status":"closed","sticky":false,"template":"","format":"standard","meta":{"om_disable_all_campaigns":false,"_monsterinsights_skip_tracking":false},"categories":[4],"tags":[],"aioseo_notices":[],"aioseo_head":"\n\t\t<!-- All in One SEO 5.0.1.1 - aioseo.com -->\n\t<meta name=\"description\" content=\"\u2013 El mayor evento nacional de la disciplina se realizar\u00e1 en el Polideportivo Municipal Carlos Cerutti.\u2013 Contar\u00e1 con la participaci\u00f3n de delegaciones de todo el pa\u00eds y atletas de las Selecciones Nacionales. C\u00f3rdoba se prepara para recibir una nueva edici\u00f3n del \u201cTorneo Argentino de Karate\u201d, que este a\u00f1o celebra su 59\u00b0 edici\u00f3n y reunir\u00e1 del\" \/>\n\t<meta name=\"robots\" content=\"max-image-preview:large\" \/>\n\t<link rel=\"canonical\" href=\"https:\/\/deportesenlaboulaye.com.ar\/index.php\/2026\/09\/04\/cordoba-sera-sede-del-59-torneo-argentino-de-karate\/\" \/>\n\t<meta name=\"generator\" content=\"All in One SEO (AIOSEO) 5.0.1.1\" \/>\n\t\t<meta property=\"og:locale\" content=\"es_ES\" \/>\n\t\t<meta property=\"og:site_name\" content=\"- Todo el deporte del sur de C\u00f3rdoba\" \/>\n\t\t<meta property=\"og:type\" content=\"article\" \/>\n\t\t<meta property=\"og:title\" content=\"C\u00f3rdoba ser\u00e1 sede del 59\u00b0 Torneo Argentino de Karate -\" \/>\n\t\t<meta property=\"og:description\" content=\"\u2013 El mayor evento nacional de la disciplina se realizar\u00e1 en el Polideportivo Municipal Carlos Cerutti.\u2013 Contar\u00e1 con la participaci\u00f3n de delegaciones de todo el pa\u00eds y atletas de las Selecciones Nacionales. C\u00f3rdoba se prepara para recibir una nueva edici\u00f3n del \u201cTorneo Argentino de Karate\u201d, que este a\u00f1o celebra su 59\u00b0 edici\u00f3n y reunir\u00e1 del\" \/>\n\t\t<meta property=\"og:url\" content=\"https:\/\/deportesenlaboulaye.com.ar\/index.php\/2026\/09\/04\/cordoba-sera-sede-del-59-torneo-argentino-de-karate\/\" \/>\n\t\t<meta property=\"og:image\" content=\"https:\/\/deportesenlaboulaye.com.ar\/wp-content\/uploads\/2021\/10\/deporte.jpg\" \/>\n\t\t<meta property=\"og:image:secure_url\" content=\"https:\/\/deportesenlaboulaye.com.ar\/wp-content\/uploads\/2021\/10\/deporte.jpg\" \/>\n\t\t<meta property=\"article:published_time\" content=\"2026-09-04T14:37:58+00:00\" \/>\n\t\t<meta property=\"article:modified_time\" content=\"2026-09-04T14:37:59+00:00\" \/>\n\t\t<meta name=\"twitter:card\" content=\"summary\" \/>\n\t\t<meta name=\"twitter:title\" content=\"C\u00f3rdoba ser\u00e1 sede del 59\u00b0 Torneo Argentino de Karate -\" \/>\n\t\t<meta name=\"twitter:description\" content=\"\u2013 El mayor evento nacional de la disciplina se realizar\u00e1 en el Polideportivo Municipal Carlos Cerutti.\u2013 Contar\u00e1 con la participaci\u00f3n de delegaciones de todo el pa\u00eds y atletas de las Selecciones Nacionales. C\u00f3rdoba se prepara para recibir una nueva edici\u00f3n del \u201cTorneo Argentino de Karate\u201d, que este a\u00f1o celebra su 59\u00b0 edici\u00f3n y reunir\u00e1 del\" \/>\n\t\t<meta name=\"twitter:image\" content=\"https:\/\/deportesenlaboulaye.com.ar\/wp-content\/uploads\/2021\/10\/deporte.jpg\" \/>\n\t\t<script type=\"application\/ld+json\" class=\"aioseo-schema\">\n\t\t\t{\"@context\":\"https:\\\/\\\/schema.org\",\"@graph\":[{\"@type\":\"BlogPosting\",\"@id\":\"https:\\\/\\\/deportesenlaboulaye.com.ar\\\/index.php\\\/2026\\\/09\\\/04\\\/cordoba-sera-sede-del-59-torneo-argentino-de-karate\\\/#blogposting\",\"name\":\"C\\u00f3rdoba ser\\u00e1 sede del 59\\u00b0 Torneo Argentino de Karate -\",\"headline\":\"C\\u00f3rdoba ser\\u00e1 sede del 59\\u00b0 Torneo Argentino de Karate\",\"author\":{\"@id\":\"https:\\\/\\\/deportesenlaboulaye.com.ar\\\/index.php\\\/author\\\/audanoymessi\\\/#author\"},\"publisher\":{\"@id\":\"https:\\\/\\\/deportesenlaboulaye.com.ar\\\/#organization\"},\"image\":{\"@type\":\"ImageObject\",\"url\":\"https:\\\/\\\/deportesenlaboulaye.com.ar\\\/wp-content\\\/uploads\\\/2026\\\/09\\\/GOBIERNO-4.jpg\",\"width\":993,\"height\":662},\"datePublished\":\"2026-09-04T14:37:58+00:00\",\"dateModified\":\"2026-09-04T14:37:59+00:00\",\"inLanguage\":\"es-ES\",\"mainEntityOfPage\":{\"@id\":\"https:\\\/\\\/deportesenlaboulaye.com.ar\\\/index.php\\\/2026\\\/09\\\/04\\\/cordoba-sera-sede-del-59-torneo-argentino-de-karate\\\/#webpage\"},\"isPartOf\":{\"@id\":\"https:\\\/\\\/deportesenlaboulaye.com.ar\\\/index.php\\\/2026\\\/09\\\/04\\\/cordoba-sera-sede-del-59-torneo-argentino-de-karate\\\/#webpage\"},\"articleSection\":\"Nacionales\"},{\"@type\":\"BreadcrumbList\",\"@id\":\"https:\\\/\\\/deportesenlaboulaye.com.ar\\\/index.php\\\/2026\\\/09\\\/04\\\/cordoba-sera-sede-del-59-torneo-argentino-de-karate\\\/#breadcrumblist\",\"itemListElement\":[{\"@type\":\"ListItem\",\"@id\":\"https:\\\/\\\/deportesenlaboulaye.com.ar#listItem\",\"position\":1,\"name\":\"Inicio\",\"item\":\"https:\\\/\\\/deportesenlaboulaye.com.ar\",\"nextItem\":{\"@type\":\"ListItem\",\"@id\":\"https:\\\/\\\/deportesenlaboulaye.com.ar\\\/index.php\\\/category\\\/nacionales\\\/#listItem\",\"name\":\"Nacionales\"}},{\"@type\":\"ListItem\",\"@id\":\"https:\\\/\\\/deportesenlaboulaye.com.ar\\\/index.php\\\/category\\\/nacionales\\\/#listItem\",\"position\":2,\"name\":\"Nacionales\",\"item\":\"https:\\\/\\\/deportesenlaboulaye.com.ar\\\/index.php\\\/category\\\/nacionales\\\/\",\"nextItem\":{\"@type\":\"ListItem\",\"@id\":\"https:\\\/\\\/deportesenlaboulaye.com.ar\\\/index.php\\\/2026\\\/09\\\/04\\\/cordoba-sera-sede-del-59-torneo-argentino-de-karate\\\/#listItem\",\"name\":\"C\\u00f3rdoba ser\\u00e1 sede del 59\\u00b0 Torneo Argentino de Karate\"},\"previousItem\":{\"@type\":\"ListItem\",\"@id\":\"https:\\\/\\\/deportesenlaboulaye.com.ar#listItem\",\"name\":\"Inicio\"}},{\"@type\":\"ListItem\",\"@id\":\"https:\\\/\\\/deportesenlaboulaye.com.ar\\\/index.php\\\/2026\\\/09\\\/04\\\/cordoba-sera-sede-del-59-torneo-argentino-de-karate\\\/#listItem\",\"position\":3,\"name\":\"C\\u00f3rdoba ser\\u00e1 sede del 59\\u00b0 Torneo Argentino de Karate\",\"previousItem\":{\"@type\":\"ListItem\",\"@id\":\"https:\\\/\\\/deportesenlaboulaye.com.ar\\\/index.php\\\/category\\\/nacionales\\\/#listItem\",\"name\":\"Nacionales\"}}]},{\"@type\":\"Organization\",\"@id\":\"https:\\\/\\\/deportesenlaboulaye.com.ar\\\/#organization\",\"name\":\"Deportes en Laboulaye\",\"description\":\"Todo el deporte del sur de C\\u00f3rdoba\",\"url\":\"https:\\\/\\\/deportesenlaboulaye.com.ar\\\/\",\"logo\":{\"@type\":\"ImageObject\",\"url\":\"https:\\\/\\\/deportesenlaboulaye.com.ar\\\/wp-content\\\/uploads\\\/2021\\\/10\\\/deporte.jpg\",\"@id\":\"https:\\\/\\\/deportesenlaboulaye.com.ar\\\/index.php\\\/2026\\\/09\\\/04\\\/cordoba-sera-sede-del-59-torneo-argentino-de-karate\\\/#organizationLogo\",\"width\":940,\"height\":232},\"image\":{\"@id\":\"https:\\\/\\\/deportesenlaboulaye.com.ar\\\/index.php\\\/2026\\\/09\\\/04\\\/cordoba-sera-sede-del-59-torneo-argentino-de-karate\\\/#organizationLogo\"}},{\"@type\":\"Person\",\"@id\":\"https:\\\/\\\/deportesenlaboulaye.com.ar\\\/index.php\\\/author\\\/audanoymessi\\\/#author\",\"url\":\"https:\\\/\\\/deportesenlaboulaye.com.ar\\\/index.php\\\/author\\\/audanoymessi\\\/\",\"image\":{\"@type\":\"ImageObject\",\"@id\":\"https:\\\/\\\/deportesenlaboulaye.com.ar\\\/index.php\\\/2026\\\/09\\\/04\\\/cordoba-sera-sede-del-59-torneo-argentino-de-karate\\\/#authorImage\",\"url\":\"https:\\\/\\\/secure.gravatar.com\\\/avatar\\\/5d00322f3169e9c39f93e3d531c9e312?s=96&d=blank&r=g\",\"width\":96,\"height\":96}},{\"@type\":\"WebPage\",\"@id\":\"https:\\\/\\\/deportesenlaboulaye.com.ar\\\/index.php\\\/2026\\\/09\\\/04\\\/cordoba-sera-sede-del-59-torneo-argentino-de-karate\\\/#webpage\",\"url\":\"https:\\\/\\\/deportesenlaboulaye.com.ar\\\/index.php\\\/2026\\\/09\\\/04\\\/cordoba-sera-sede-del-59-torneo-argentino-de-karate\\\/\",\"name\":\"C\\u00f3rdoba ser\\u00e1 sede del 59\\u00b0 Torneo Argentino de Karate -\",\"description\":\"\\u2013 El mayor evento nacional de la disciplina se realizar\\u00e1 en el Polideportivo Municipal Carlos Cerutti.\\u2013 Contar\\u00e1 con la participaci\\u00f3n de delegaciones de todo el pa\\u00eds y atletas de las Selecciones Nacionales. C\\u00f3rdoba se prepara para recibir una nueva edici\\u00f3n del \\u201cTorneo Argentino de Karate\\u201d, que este a\\u00f1o celebra su 59\\u00b0 edici\\u00f3n y reunir\\u00e1 del\",\"inLanguage\":\"es-ES\",\"isPartOf\":{\"@id\":\"https:\\\/\\\/deportesenlaboulaye.com.ar\\\/#website\"},\"breadcrumb\":{\"@id\":\"https:\\\/\\\/deportesenlaboulaye.com.ar\\\/index.php\\\/2026\\\/09\\\/04\\\/cordoba-sera-sede-del-59-torneo-argentino-de-karate\\\/#breadcrumblist\"},\"author\":{\"@id\":\"https:\\\/\\\/deportesenlaboulaye.com.ar\\\/index.php\\\/author\\\/audanoymessi\\\/#author\"},\"creator\":{\"@id\":\"https:\\\/\\\/deportesenlaboulaye.com.ar\\\/index.php\\\/author\\\/audanoymessi\\\/#author\"},\"image\":{\"@type\":\"ImageObject\",\"url\":\"https:\\\/\\\/deportesenlaboulaye.com.ar\\\/wp-content\\\/uploads\\\/2026\\\/09\\\/GOBIERNO-4.jpg\",\"@id\":\"https:\\\/\\\/deportesenlaboulaye.com.ar\\\/index.php\\\/2026\\\/09\\\/04\\\/cordoba-sera-sede-del-59-torneo-argentino-de-karate\\\/#mainImage\",\"width\":993,\"height\":662},\"primaryImageOfPage\":{\"@id\":\"https:\\\/\\\/deportesenlaboulaye.com.ar\\\/index.php\\\/2026\\\/09\\\/04\\\/cordoba-sera-sede-del-59-torneo-argentino-de-karate\\\/#mainImage\"},\"datePublished\":\"2026-09-04T14:37:58+00:00\",\"dateModified\":\"2026-09-04T14:37:59+00:00\"},{\"@type\":\"WebSite\",\"@id\":\"https:\\\/\\\/deportesenlaboulaye.com.ar\\\/#website\",\"url\":\"https:\\\/\\\/deportesenlaboulaye.com.ar\\\/\",\"description\":\"Todo el deporte del sur de C\\u00f3rdoba\",\"inLanguage\":\"es-ES\",\"publisher\":{\"@id\":\"https:\\\/\\\/deportesenlaboulaye.com.ar\\\/#organization\"}}]}\n\t\t<\/script>\n\t\t<!-- All in One SEO -->\n\n","aioseo_head_json":{"title":"C\u00f3rdoba ser\u00e1 sede del 59\u00b0 Torneo Argentino de Karate -","description":"\u2013 El mayor evento nacional de la disciplina se realizar\u00e1 en el Polideportivo Municipal Carlos Cerutti.\u2013 Contar\u00e1 con la participaci\u00f3n de delegaciones de todo el pa\u00eds y atletas de las Selecciones Nacionales. C\u00f3rdoba se prepara para recibir una nueva edici\u00f3n del \u201cTorneo Argentino de Karate\u201d, que este a\u00f1o celebra su 59\u00b0 edici\u00f3n y reunir\u00e1 del","canonical_url":"https:\/\/deportesenlaboulaye.com.ar\/index.php\/2026\/09\/04\/cordoba-sera-sede-del-59-torneo-argentino-de-karate\/","robots":"max-image-preview:large","keywords":"","webmasterTools":{"miscellaneous":""},"schema":{"@context":"https:\/\/schema.org","@graph":[{"@type":"BlogPosting","@id":"https:\/\/deportesenlaboulaye.com.ar\/index.php\/2026\/09\/04\/cordoba-sera-sede-del-59-torneo-argentino-de-karate\/#blogposting","name":"C\u00f3rdoba ser\u00e1 sede del 59\u00b0 Torneo Argentino de Karate -","headline":"C\u00f3rdoba ser\u00e1 sede del 59\u00b0 Torneo Argentino de Karate","author":{"@id":"https:\/\/deportesenlaboulaye.com.ar\/index.php\/author\/audanoymessi\/#author"},"publisher":{"@id":"https:\/\/deportesenlaboulaye.com.ar\/#organization"},"image":{"@type":"ImageObject","url":"https:\/\/deportesenlaboulaye.com.ar\/wp-content\/uploads\/2026\/09\/GOBIERNO-4.jpg","width":993,"height":662},"datePublished":"2026-09-04T14:37:58+00:00","dateModified":"2026-09-04T14:37:59+00:00","inLanguage":"es-ES","mainEntityOfPage":{"@id":"https:\/\/deportesenlaboulaye.com.ar\/index.php\/2026\/09\/04\/cordoba-sera-sede-del-59-torneo-argentino-de-karate\/#webpage"},"isPartOf":{"@id":"https:\/\/deportesenlaboulaye.com.ar\/index.php\/2026\/09\/04\/cordoba-sera-sede-del-59-torneo-argentino-de-karate\/#webpage"},"articleSection":"Nacionales"},{"@type":"BreadcrumbList","@id":"https:\/\/deportesenlaboulaye.com.ar\/index.php\/2026\/09\/04\/cordoba-sera-sede-del-59-torneo-argentino-de-karate\/#breadcrumblist","itemListElement":[{"@type":"ListItem","@id":"https:\/\/deportesenlaboulaye.com.ar#listItem","position":1,"name":"Inicio","item":"https:\/\/deportesenlaboulaye.com.ar","nextItem":{"@type":"ListItem","@id":"https:\/\/deportesenlaboulaye.com.ar\/index.php\/category\/nacionales\/#listItem","name":"Nacionales"}},{"@type":"ListItem","@id":"https:\/\/deportesenlaboulaye.com.ar\/index.php\/category\/nacionales\/#listItem","position":2,"name":"Nacionales","item":"https:\/\/deportesenlaboulaye.com.ar\/index.php\/category\/nacionales\/","nextItem":{"@type":"ListItem","@id":"https:\/\/deportesenlaboulaye.com.ar\/index.php\/2026\/09\/04\/cordoba-sera-sede-del-59-torneo-argentino-de-karate\/#listItem","name":"C\u00f3rdoba ser\u00e1 sede del 59\u00b0 Torneo Argentino de Karate"},"previousItem":{"@type":"ListItem","@id":"https:\/\/deportesenlaboulaye.com.ar#listItem","name":"Inicio"}},{"@type":"ListItem","@id":"https:\/\/deportesenlaboulaye.com.ar\/index.php\/2026\/09\/04\/cordoba-sera-sede-del-59-torneo-argentino-de-karate\/#listItem","position":3,"name":"C\u00f3rdoba ser\u00e1 sede del 59\u00b0 Torneo Argentino de Karate","previousItem":{"@type":"ListItem","@id":"https:\/\/deportesenlaboulaye.com.ar\/index.php\/category\/nacionales\/#listItem","name":"Nacionales"}}]},{"@type":"Organization","@id":"https:\/\/deportesenlaboulaye.com.ar\/#organization","name":"Deportes en Laboulaye","description":"Todo el deporte del sur de C\u00f3rdoba","url":"https:\/\/deportesenlaboulaye.com.ar\/","logo":{"@type":"ImageObject","url":"https:\/\/deportesenlaboulaye.com.ar\/wp-content\/uploads\/2021\/10\/deporte.jpg","@id":"https:\/\/deportesenlaboulaye.com.ar\/index.php\/2026\/09\/04\/cordoba-sera-sede-del-59-torneo-argentino-de-karate\/#organizationLogo","width":940,"height":232},"image":{"@id":"https:\/\/deportesenlaboulaye.com.ar\/index.php\/2026\/09\/04\/cordoba-sera-sede-del-59-torneo-argentino-de-karate\/#organizationLogo"}},{"@type":"Person","@id":"https:\/\/deportesenlaboulaye.com.ar\/index.php\/author\/audanoymessi\/#author","url":"https:\/\/deportesenlaboulaye.com.ar\/index.php\/author\/audanoymessi\/","image":{"@type":"ImageObject","@id":"https:\/\/deportesenlaboulaye.com.ar\/index.php\/2026\/09\/04\/cordoba-sera-sede-del-59-torneo-argentino-de-karate\/#authorImage","url":"https:\/\/secure.gravatar.com\/avatar\/5d00322f3169e9c39f93e3d531c9e312?s=96&d=blank&r=g","width":96,"height":96}},{"@type":"WebPage","@id":"https:\/\/deportesenlaboulaye.com.ar\/index.php\/2026\/09\/04\/cordoba-sera-sede-del-59-torneo-argentino-de-karate\/#webpage","url":"https:\/\/deportesenlaboulaye.com.ar\/index.php\/2026\/09\/04\/cordoba-sera-sede-del-59-torneo-argentino-de-karate\/","name":"C\u00f3rdoba ser\u00e1 sede del 59\u00b0 Torneo Argentino de Karate -","description":"\u2013 El mayor evento nacional de la disciplina se realizar\u00e1 en el Polideportivo Municipal Carlos Cerutti.\u2013 Contar\u00e1 con la participaci\u00f3n de delegaciones de todo el pa\u00eds y atletas de las Selecciones Nacionales. C\u00f3rdoba se prepara para recibir una nueva edici\u00f3n del \u201cTorneo Argentino de Karate\u201d, que este a\u00f1o celebra su 59\u00b0 edici\u00f3n y reunir\u00e1 del","inLanguage":"es-ES","isPartOf":{"@id":"https:\/\/deportesenlaboulaye.com.ar\/#website"},"breadcrumb":{"@id":"https:\/\/deportesenlaboulaye.com.ar\/index.php\/2026\/09\/04\/cordoba-sera-sede-del-59-torneo-argentino-de-karate\/#breadcrumblist"},"author":{"@id":"https:\/\/deportesenlaboulaye.com.ar\/index.php\/author\/audanoymessi\/#author"},"creator":{"@id":"https:\/\/deportesenlaboulaye.com.ar\/index.php\/author\/audanoymessi\/#author"},"image":{"@type":"ImageObject","url":"https:\/\/deportesenlaboulaye.com.ar\/wp-content\/uploads\/2026\/09\/GOBIERNO-4.jpg","@id":"https:\/\/deportesenlaboulaye.com.ar\/index.php\/2026\/09\/04\/cordoba-sera-sede-del-59-torneo-argentino-de-karate\/#mainImage","width":993,"height":662},"primaryImageOfPage":{"@id":"https:\/\/deportesenlaboulaye.com.ar\/index.php\/2026\/09\/04\/cordoba-sera-sede-del-59-torneo-argentino-de-karate\/#mainImage"},"datePublished":"2026-09-04T14:37:58+00:00","dateModified":"2026-09-04T14:37:59+00:00"},{"@type":"WebSite","@id":"https:\/\/deportesenlaboulaye.com.ar\/#website","url":"https:\/\/deportesenlaboulaye.com.ar\/","description":"Todo el deporte del sur de C\u00f3rdoba","inLanguage":"es-ES","publisher":{"@id":"https:\/\/deportesenlaboulaye.com.ar\/#organization"}}]},"og:locale":"es_ES","og:site_name":"- Todo el deporte del sur de C\u00f3rdoba","og:type":"article","og:title":"C\u00f3rdoba ser\u00e1 sede del 59\u00b0 Torneo Argentino de Karate -","og:description":"\u2013 El mayor evento nacional de la disciplina se realizar\u00e1 en el Polideportivo Municipal Carlos Cerutti.\u2013 Contar\u00e1 con la participaci\u00f3n de delegaciones de todo el pa\u00eds y atletas de las Selecciones Nacionales. C\u00f3rdoba se prepara para recibir una nueva edici\u00f3n del \u201cTorneo Argentino de Karate\u201d, que este a\u00f1o celebra su 59\u00b0 edici\u00f3n y reunir\u00e1 del","og:url":"https:\/\/deportesenlaboulaye.com.ar\/index.php\/2026\/09\/04\/cordoba-sera-sede-del-59-torneo-argentino-de-karate\/","og:image":"https:\/\/deportesenlaboulaye.com.ar\/wp-content\/uploads\/2021\/10\/deporte.jpg","og:image:secure_url":"https:\/\/deportesenlaboulaye.com.ar\/wp-content\/uploads\/2021\/10\/deporte.jpg","article:published_time":"2026-09-04T14:37:58+00:00","article:modified_time":"2026-09-04T14:37:59+00:00","twitter:card":"summary","twitter:title":"C\u00f3rdoba ser\u00e1 sede del 59\u00b0 Torneo Argentino de Karate -","twitter:description":"\u2013 El mayor evento nacional de la disciplina se realizar\u00e1 en el Polideportivo Municipal Carlos Cerutti.\u2013 Contar\u00e1 con la participaci\u00f3n de delegaciones de todo el pa\u00eds y atletas de las Selecciones Nacionales. C\u00f3rdoba se prepara para recibir una nueva edici\u00f3n del \u201cTorneo Argentino de Karate\u201d, que este a\u00f1o celebra su 59\u00b0 edici\u00f3n y reunir\u00e1 del","twitter:image":"https:\/\/deportesenlaboulaye.com.ar\/wp-content\/uploads\/2021\/10\/deporte.jpg"},"aioseo_meta_data":{"post_id":"1811","title":null,"description":null,"keywords":null,"keyphrases":{"focus":{"keyphrase":"","score":0,"analysis":{"keyphraseInTitle":{"score":0,"maxScore":9,"error":1}}},"additional":[]},"canonical_url":null,"og_title":null,"og_description":null,"og_object_type":"default","og_image_type":"default","og_image_url":null,"og_image_width":null,"og_image_height":null,"og_image_custom_url":null,"og_image_custom_fields":null,"og_video":"","og_custom_url":null,"og_article_section":null,"og_article_tags":null,"twitter_use_og":false,"twitter_card":"default","twitter_image_type":"default","twitter_image_url":null,"twitter_image_custom_url":null,"twitter_image_custom_fields":null,"twitter_title":null,"twitter_description":null,"schema_type":"default","schema_type_options":null,"pillar_content":false,"robots_default":true,"robots_noindex":false,"robots_noarchive":false,"robots_nosnippet":false,"robots_nofollow":false,"robots_noimageindex":false,"robots_noodp":false,"robots_notranslate":false,"robots_max_snippet":"-1","robots_max_videopreview":"-1","robots_max_imagepreview":"large","priority":null,"frequency":"default","local_seo":null,"created":"2026-09-04 14:37:59","updated":"2026-09-05 04:02:33","focus_keyword":null,"additional_keywords":null,"truseo_locale":null,"primary_term":null,"schema":{"blockGraphs":[],"customGraphs":[],"default":{"data":{"Article":[],"Course":[],"Dataset":[],"FAQPage":[],"Movie":[],"Person":[],"Product":[],"ProductReview":[],"Car":[],"Recipe":[],"Service":[],"SoftwareApplication":[],"WebPage":[]},"graphName":"BlogPosting","isEnabled":true},"graphs":[]},"limit_modified_date":false,"ai":{"faqs":[],"keyPoints":[],"schemas":[],"titles":[],"descriptions":[],"socialPosts":{"email":{"subject":"","preview":"","content":""},"linkedin":[],"twitter":[],"facebook":[],"instagram":[]}},"breadcrumb_settings":null,"seo_analyzer_scan_date":null},"aioseo_breadcrumb":"<div class=\"aioseo-breadcrumbs\"><span class=\"aioseo-breadcrumb\">\n\t\t\t<a href=\"https:\/\/deportesenlaboulaye.com.ar\" title=\"Inicio\">Inicio<\/a>\n\t\t<\/span><span class=\"aioseo-breadcrumb-separator\">&raquo;<\/span><span class=\"aioseo-breadcrumb\">\n\t\t\t<a href=\"https:\/\/deportesenlaboulaye.com.ar\/index.php\/category\/nacionales\/\" title=\"Nacionales\">Nacionales<\/a>\n\t\t<\/span><span class=\"aioseo-breadcrumb-separator\">&raquo;<\/span><span class=\"aioseo-breadcrumb\">\n\t\t\tC\u00f3rdoba ser\u00e1 sede del 59\u00b0 Torneo Argentino de Karate\n\t\t<\/span><\/div>","aioseo_breadcrumb_json":[{"label":"Inicio","link":"https:\/\/deportesenlaboulaye.com.ar"},{"label":"Nacionales","link":"https:\/\/deportesenlaboulaye.com.ar\/index.php\/category\/nacionales\/"},{"label":"C\u00f3rdoba ser\u00e1 sede del 59\u00b0 Torneo Argentino de Karate","link":"https:\/\/deportesenlaboulaye.com.ar\/index.php\/2026\/09\/04\/cordoba-sera-sede-del-59-torneo-argentino-de-karate\/"}],"_links":{"self":[{"href":"https:\/\/deportesenlaboulaye.com.ar\/index.php\/wp-json\/wp\/v2\/posts\/1811"}],"collection":[{"href":"https:\/\/deportesenlaboulaye.com.ar\/index.php\/wp-json\/wp\/v2\/posts"}],"about":[{"href":"https:\/\/deportesenlaboulaye.com.ar\/index.php\/wp-json\/wp\/v2\/types\/post"}],"author":[{"embeddable":true,"href":"https:\/\/deportesenlaboulaye.com.ar\/index.php\/wp-json\/wp\/v2\/users\/1"}],"replies":[{"embeddable":true,"href":"https:\/\/deportesenlaboulaye.com.ar\/index.php\/wp-json\/wp\/v2\/comments?post=1811"}],"version-history":[{"count":1,"href":"https:\/\/deportesenlaboulaye.com.ar\/index.php\/wp-json\/wp\/v2\/posts\/1811\/revisions"}],"predecessor-version":[{"id":1815,"href":"https:\/\/deportesenlaboulaye.com.ar\/index.php\/wp-json\/wp\/v2\/posts\/1811\/revisions\/1815"}],"wp:featuredmedia":[{"embeddable":true,"href":"https:\/\/deportesenlaboulaye.com.ar\/index.php\/wp-json\/wp\/v2\/media\/1814"}],"wp:attachment":[{"href":"https:\/\/deportesenlaboulaye.com.ar\/index.php\/wp-json\/wp\/v2\/media?parent=1811"}],"wp:term":[{"taxonomy":"category","embeddable":true,"href":"https:\/\/deportesenlaboulaye.com.ar\/index.php\/wp-json\/wp\/v2\/categories?post=1811"},{"taxonomy":"post_tag","embeddable":true,"href":"https:\/\/deportesenlaboulaye.com.ar\/index.php\/wp-json\/wp\/v2\/tags?post=1811"}],"curies":[{"name":"wp","href":"https:\/\/api.w.org\/{rel}","templated":true}]}}