{"id":1816,"date":"2026-09-04T14:42:50","date_gmt":"2026-09-04T14:42:50","guid":{"rendered":"https:\/\/deportesenlaboulaye.com.ar\/?p=1816"},"modified":"2026-09-04T14:42:51","modified_gmt":"2026-09-04T14:42:51","slug":"la-provincia-se-posiciona-como-destino-internacional-para-el-turismo-deportivo","status":"publish","type":"post","link":"https:\/\/deportesenlaboulaye.com.ar\/index.php\/2026\/09\/04\/la-provincia-se-posiciona-como-destino-internacional-para-el-turismo-deportivo\/","title":{"rendered":"La Provincia se posiciona como destino internacional para el turismo deportivo"},"content":{"rendered":"\n<p><\/p>\n\n\n\n<ul><li><strong>La iniciativa busca generar nuevas oportunidades de vinculaci\u00f3n y negocios para posicionar a C\u00f3rdoba como destino de entrenamiento y experiencias deportivas internacionales.<\/strong><\/li><li><strong>La propuesta fue organizada por la Agencia ProC\u00f3rdoba, la Agencia C\u00f3rdoba Deportes y el C\u00f3rdoba Welcome Cl\u00faster de Eventos.<\/strong><\/li><li><strong>La misi\u00f3n reuni\u00f3 a operadores y agentes de viaje de Latinoam\u00e9rica con clubes e instituciones de la provincia.<\/strong><\/li><\/ul>\n\n\n\n<p>C\u00f3rdoba fue sede de la misi\u00f3n inversa \u201cExperiencia C\u00f3rdoba Deportes\u201d, una iniciativa que reuni\u00f3 a operadores y agentes de viaje especializados de distintos pa\u00edses de Latinoam\u00e9rica con clubes, instituciones deportivas y referentes del sector tur\u00edstico provincial.<\/p>\n\n\n\n<p>La propuesta, organizada por la Agencia ProC\u00f3rdoba, la Agencia C\u00f3rdoba Deportes y el C\u00f3rdoba Welcome Cl\u00faster de Eventos, tuvo como objetivo mostrar la oferta deportiva cordobesa y generar nuevas oportunidades de vinculaci\u00f3n con mercados internacionales.<\/p>\n\n\n\n<p>La apertura de la actividad cont\u00f3 con la presencia del presidente de la Agencia ProC\u00f3rdoba, Pablo De Chiara; el vicepresidente de la Agencia C\u00f3rdoba Deportes, Luis Calvimonte; la presidenta de C\u00f3rdoba Acelera, Mariela Bercovich; la directora del C\u00f3rdoba Welcome Cl\u00faster de Eventos, Anal\u00eda Jaccoud; representantes de los clubes participantes y operadores internacionales.<\/p>\n\n\n\n<figure class=\"wp-block-image size-full\"><img loading=\"lazy\" width=\"993\" height=\"662\" src=\"https:\/\/deportesenlaboulaye.com.ar\/wp-content\/uploads\/2026\/09\/WhatsApp-Image-2026-08-30-at-13.04.59.jpeg\" alt=\"\" class=\"wp-image-1817\" srcset=\"https:\/\/deportesenlaboulaye.com.ar\/wp-content\/uploads\/2026\/09\/WhatsApp-Image-2026-08-30-at-13.04.59.jpeg 993w, https:\/\/deportesenlaboulaye.com.ar\/wp-content\/uploads\/2026\/09\/WhatsApp-Image-2026-08-30-at-13.04.59-300x200.jpeg 300w, https:\/\/deportesenlaboulaye.com.ar\/wp-content\/uploads\/2026\/09\/WhatsApp-Image-2026-08-30-at-13.04.59-768x512.jpeg 768w\" sizes=\"(max-width: 993px) 100vw, 993px\" \/><\/figure>\n\n\n\n<h2>De C\u00f3rdoba hacia el mundo<\/h2>\n\n\n\n<p>Durante la experiencia, los visitantes conocieron de primera mano la infraestructura y las capacidades deportivas de la provincia, adem\u00e1s de establecer v\u00ednculos con agencias receptivas locales para integrar estos servicios en propuestas destinadas al mercado internacional.<\/p>\n\n\n\n<p>La agenda incluy\u00f3 rondas de vinculaci\u00f3n comercial, presentaciones institucionales, espacios de networking y visitas t\u00e9cnicas a los clubes participantes, permitiendo a los operadores conocer predios, estadios, campus y centros de entrenamiento.<\/p>\n\n\n\n<p>De la iniciativa participaron representantes del Club Atl\u00e9tico Talleres, Club Atl\u00e9tico Belgrano, Instituto Atl\u00e9tico Central C\u00f3rdoba, Club Atl\u00e9tico Racing de C\u00f3rdoba y Estudiantes de R\u00edo Cuarto.<\/p>\n\n\n\n<p>Las instituciones forman parte de una propuesta orientada a mostrar las posibilidades que ofrece C\u00f3rdoba para recibir equipos, delegaciones y grupos deportivos del exterior.<\/p>\n\n\n\n<p>En este marco, Pablo De Chiara destac\u00f3 la importancia de que los visitantes pudieran conocer algunos de los principales escenarios deportivos de la provincia.<\/p>\n\n\n\n<p>Durante la bienvenida en el Estadio Mario Alberto Kempes, se\u00f1al\u00f3 que, para quienes llegan desde otros pa\u00edses,&nbsp;<em>\u201ceste estadio fue construido para el Mundial de 1978, nuestra primera estrella, y hoy es el coraz\u00f3n del deporte de C\u00f3rdoba\u201d.<\/em><\/p>\n\n\n\n<p>La articulaci\u00f3n entre clubes, agencias receptivas y operadores internacionales constituye uno de los ejes centrales de la misi\u00f3n. El objetivo es transformar la infraestructura y la experiencia deportiva existente en C\u00f3rdoba en productos concretos vinculados al turismo, el entrenamiento y la formaci\u00f3n, destinados a distintos mercados internacionales.<\/p>\n\n\n\n<h2>Deporte y turismo, una alianza estrat\u00e9gica<\/h2>\n\n\n\n<p>La iniciativa busca incorporar al deporte como un nuevo componente dentro de la estrategia de internacionalizaci\u00f3n de C\u00f3rdoba, conectando la capacidad instalada de sus instituciones con operadores especializados en la generaci\u00f3n de experiencias para visitantes de distintos pa\u00edses.<\/p>\n\n\n\n<p>En este sentido, Luis Calvimonte dio la bienvenida a los visitantes y destac\u00f3 el valor del Estadio Mario Alberto Kempes como punto de encuentro para el deporte cordob\u00e9s.<\/p>\n\n\n\n<p><em>\u201cM\u00e1s que negocios, los invito a conocer la pasi\u00f3n de los cordobeses y todo lo que eso mueve\u201d,&nbsp;<\/em>expres\u00f3.<\/p>\n\n\n\n<p>Adem\u00e1s, destac\u00f3 el trabajo permanente para mantener y potenciar el principal escenario deportivo de la provincia, as\u00ed como la continuidad de encuentros, competencias y espect\u00e1culos deportivos y musicales.<\/p>\n\n\n\n<p>El turismo deportivo representa una oportunidad para ampliar el alcance internacional de los clubes cordobeses y, al mismo tiempo, generar movimiento en distintos sectores vinculados a la actividad, como la hoteler\u00eda, la gastronom\u00eda, el transporte y los servicios tur\u00edsticos.<\/p>\n\n\n\n<p>De esta manera, \u201cExperiencia C\u00f3rdoba Deportes\u201d fortalece los v\u00ednculos entre el deporte y el turismo y abre nuevas oportunidades para que C\u00f3rdoba reciba delegaciones, equipos y deportistas internacionales, consolidando su posicionamiento como destino deportivo en el pa\u00eds y el mundo.<\/p>\n","protected":false},"excerpt":{"rendered":"<p>La iniciativa busca generar nuevas oportunidades de vinculaci\u00f3n y negocios para posicionar a C\u00f3rdoba como destino de entrenamiento y experiencias deportivas internacionales. La propuesta fue [&hellip;]<\/p>\n","protected":false},"author":1,"featured_media":1818,"comment_status":"closed","ping_status":"closed","sticky":false,"template":"","format":"standard","meta":{"om_disable_all_campaigns":false,"_monsterinsights_skip_tracking":false},"categories":[4,3],"tags":[],"aioseo_notices":[],"aioseo_head":"\n\t\t<!-- All in One SEO 5.0.1.1 - aioseo.com -->\n\t<meta name=\"description\" content=\"La iniciativa busca generar nuevas oportunidades de vinculaci\u00f3n y negocios para posicionar a C\u00f3rdoba como destino de entrenamiento y experiencias deportivas internacionales. La propuesta fue organizada por la Agencia ProC\u00f3rdoba, la Agencia C\u00f3rdoba Deportes y el C\u00f3rdoba Welcome Cl\u00faster de Eventos. La misi\u00f3n reuni\u00f3 a operadores y agentes de viaje de Latinoam\u00e9rica con clubes e\" \/>\n\t<meta name=\"robots\" content=\"max-image-preview:large\" \/>\n\t<link rel=\"canonical\" href=\"https:\/\/deportesenlaboulaye.com.ar\/index.php\/2026\/09\/04\/la-provincia-se-posiciona-como-destino-internacional-para-el-turismo-deportivo\/\" \/>\n\t<meta name=\"generator\" content=\"All in One SEO (AIOSEO) 5.0.1.1\" \/>\n\t\t<meta property=\"og:locale\" content=\"es_ES\" \/>\n\t\t<meta property=\"og:site_name\" content=\"- Todo el deporte del sur de C\u00f3rdoba\" \/>\n\t\t<meta property=\"og:type\" content=\"article\" \/>\n\t\t<meta property=\"og:title\" content=\"La Provincia se posiciona como destino internacional para el turismo deportivo -\" \/>\n\t\t<meta property=\"og:description\" content=\"La iniciativa busca generar nuevas oportunidades de vinculaci\u00f3n y negocios para posicionar a C\u00f3rdoba como destino de entrenamiento y experiencias deportivas internacionales. La propuesta fue organizada por la Agencia ProC\u00f3rdoba, la Agencia C\u00f3rdoba Deportes y el C\u00f3rdoba Welcome Cl\u00faster de Eventos. La misi\u00f3n reuni\u00f3 a operadores y agentes de viaje de Latinoam\u00e9rica con clubes e\" \/>\n\t\t<meta property=\"og:url\" content=\"https:\/\/deportesenlaboulaye.com.ar\/index.php\/2026\/09\/04\/la-provincia-se-posiciona-como-destino-internacional-para-el-turismo-deportivo\/\" \/>\n\t\t<meta property=\"og:image\" content=\"https:\/\/deportesenlaboulaye.com.ar\/wp-content\/uploads\/2021\/10\/deporte.jpg\" \/>\n\t\t<meta property=\"og:image:secure_url\" content=\"https:\/\/deportesenlaboulaye.com.ar\/wp-content\/uploads\/2021\/10\/deporte.jpg\" \/>\n\t\t<meta property=\"article:published_time\" content=\"2026-09-04T14:42:50+00:00\" \/>\n\t\t<meta property=\"article:modified_time\" content=\"2026-09-04T14:42:51+00:00\" \/>\n\t\t<meta name=\"twitter:card\" content=\"summary\" \/>\n\t\t<meta name=\"twitter:title\" content=\"La Provincia se posiciona como destino internacional para el turismo deportivo -\" \/>\n\t\t<meta name=\"twitter:description\" content=\"La iniciativa busca generar nuevas oportunidades de vinculaci\u00f3n y negocios para posicionar a C\u00f3rdoba como destino de entrenamiento y experiencias deportivas internacionales. La propuesta fue organizada por la Agencia ProC\u00f3rdoba, la Agencia C\u00f3rdoba Deportes y el C\u00f3rdoba Welcome Cl\u00faster de Eventos. La misi\u00f3n reuni\u00f3 a operadores y agentes de viaje de Latinoam\u00e9rica con clubes e\" \/>\n\t\t<meta name=\"twitter:image\" content=\"https:\/\/deportesenlaboulaye.com.ar\/wp-content\/uploads\/2021\/10\/deporte.jpg\" \/>\n\t\t<script type=\"application\/ld+json\" class=\"aioseo-schema\">\n\t\t\t{\"@context\":\"https:\\\/\\\/schema.org\",\"@graph\":[{\"@type\":\"BlogPosting\",\"@id\":\"https:\\\/\\\/deportesenlaboulaye.com.ar\\\/index.php\\\/2026\\\/09\\\/04\\\/la-provincia-se-posiciona-como-destino-internacional-para-el-turismo-deportivo\\\/#blogposting\",\"name\":\"La Provincia se posiciona como destino internacional para el turismo deportivo -\",\"headline\":\"La Provincia se posiciona como destino internacional para el turismo deportivo\",\"author\":{\"@id\":\"https:\\\/\\\/deportesenlaboulaye.com.ar\\\/index.php\\\/author\\\/audanoymessi\\\/#author\"},\"publisher\":{\"@id\":\"https:\\\/\\\/deportesenlaboulaye.com.ar\\\/#organization\"},\"image\":{\"@type\":\"ImageObject\",\"url\":\"https:\\\/\\\/deportesenlaboulaye.com.ar\\\/wp-content\\\/uploads\\\/2026\\\/09\\\/WhatsApp-Image-2026-08-30-at-13.05.19.jpeg\",\"width\":945,\"height\":588},\"datePublished\":\"2026-09-04T14:42:50+00:00\",\"dateModified\":\"2026-09-04T14:42:51+00:00\",\"inLanguage\":\"es-ES\",\"mainEntityOfPage\":{\"@id\":\"https:\\\/\\\/deportesenlaboulaye.com.ar\\\/index.php\\\/2026\\\/09\\\/04\\\/la-provincia-se-posiciona-como-destino-internacional-para-el-turismo-deportivo\\\/#webpage\"},\"isPartOf\":{\"@id\":\"https:\\\/\\\/deportesenlaboulaye.com.ar\\\/index.php\\\/2026\\\/09\\\/04\\\/la-provincia-se-posiciona-como-destino-internacional-para-el-turismo-deportivo\\\/#webpage\"},\"articleSection\":\"Nacionales, Provinciales\"},{\"@type\":\"BreadcrumbList\",\"@id\":\"https:\\\/\\\/deportesenlaboulaye.com.ar\\\/index.php\\\/2026\\\/09\\\/04\\\/la-provincia-se-posiciona-como-destino-internacional-para-el-turismo-deportivo\\\/#breadcrumblist\",\"itemListElement\":[{\"@type\":\"ListItem\",\"@id\":\"https:\\\/\\\/deportesenlaboulaye.com.ar#listItem\",\"position\":1,\"name\":\"Inicio\",\"item\":\"https:\\\/\\\/deportesenlaboulaye.com.ar\",\"nextItem\":{\"@type\":\"ListItem\",\"@id\":\"https:\\\/\\\/deportesenlaboulaye.com.ar\\\/index.php\\\/category\\\/provinciales\\\/#listItem\",\"name\":\"Provinciales\"}},{\"@type\":\"ListItem\",\"@id\":\"https:\\\/\\\/deportesenlaboulaye.com.ar\\\/index.php\\\/category\\\/provinciales\\\/#listItem\",\"position\":2,\"name\":\"Provinciales\",\"item\":\"https:\\\/\\\/deportesenlaboulaye.com.ar\\\/index.php\\\/category\\\/provinciales\\\/\",\"nextItem\":{\"@type\":\"ListItem\",\"@id\":\"https:\\\/\\\/deportesenlaboulaye.com.ar\\\/index.php\\\/2026\\\/09\\\/04\\\/la-provincia-se-posiciona-como-destino-internacional-para-el-turismo-deportivo\\\/#listItem\",\"name\":\"La Provincia se posiciona como destino internacional para el turismo deportivo\"},\"previousItem\":{\"@type\":\"ListItem\",\"@id\":\"https:\\\/\\\/deportesenlaboulaye.com.ar#listItem\",\"name\":\"Inicio\"}},{\"@type\":\"ListItem\",\"@id\":\"https:\\\/\\\/deportesenlaboulaye.com.ar\\\/index.php\\\/2026\\\/09\\\/04\\\/la-provincia-se-posiciona-como-destino-internacional-para-el-turismo-deportivo\\\/#listItem\",\"position\":3,\"name\":\"La Provincia se posiciona como destino internacional para el turismo deportivo\",\"previousItem\":{\"@type\":\"ListItem\",\"@id\":\"https:\\\/\\\/deportesenlaboulaye.com.ar\\\/index.php\\\/category\\\/provinciales\\\/#listItem\",\"name\":\"Provinciales\"}}]},{\"@type\":\"Organization\",\"@id\":\"https:\\\/\\\/deportesenlaboulaye.com.ar\\\/#organization\",\"name\":\"Deportes en Laboulaye\",\"description\":\"Todo el deporte del sur de C\\u00f3rdoba\",\"url\":\"https:\\\/\\\/deportesenlaboulaye.com.ar\\\/\",\"logo\":{\"@type\":\"ImageObject\",\"url\":\"https:\\\/\\\/deportesenlaboulaye.com.ar\\\/wp-content\\\/uploads\\\/2021\\\/10\\\/deporte.jpg\",\"@id\":\"https:\\\/\\\/deportesenlaboulaye.com.ar\\\/index.php\\\/2026\\\/09\\\/04\\\/la-provincia-se-posiciona-como-destino-internacional-para-el-turismo-deportivo\\\/#organizationLogo\",\"width\":940,\"height\":232},\"image\":{\"@id\":\"https:\\\/\\\/deportesenlaboulaye.com.ar\\\/index.php\\\/2026\\\/09\\\/04\\\/la-provincia-se-posiciona-como-destino-internacional-para-el-turismo-deportivo\\\/#organizationLogo\"}},{\"@type\":\"Person\",\"@id\":\"https:\\\/\\\/deportesenlaboulaye.com.ar\\\/index.php\\\/author\\\/audanoymessi\\\/#author\",\"url\":\"https:\\\/\\\/deportesenlaboulaye.com.ar\\\/index.php\\\/author\\\/audanoymessi\\\/\",\"image\":{\"@type\":\"ImageObject\",\"@id\":\"https:\\\/\\\/deportesenlaboulaye.com.ar\\\/index.php\\\/2026\\\/09\\\/04\\\/la-provincia-se-posiciona-como-destino-internacional-para-el-turismo-deportivo\\\/#authorImage\",\"url\":\"https:\\\/\\\/secure.gravatar.com\\\/avatar\\\/5d00322f3169e9c39f93e3d531c9e312?s=96&d=blank&r=g\",\"width\":96,\"height\":96}},{\"@type\":\"WebPage\",\"@id\":\"https:\\\/\\\/deportesenlaboulaye.com.ar\\\/index.php\\\/2026\\\/09\\\/04\\\/la-provincia-se-posiciona-como-destino-internacional-para-el-turismo-deportivo\\\/#webpage\",\"url\":\"https:\\\/\\\/deportesenlaboulaye.com.ar\\\/index.php\\\/2026\\\/09\\\/04\\\/la-provincia-se-posiciona-como-destino-internacional-para-el-turismo-deportivo\\\/\",\"name\":\"La Provincia se posiciona como destino internacional para el turismo deportivo -\",\"description\":\"La iniciativa busca generar nuevas oportunidades de vinculaci\\u00f3n y negocios para posicionar a C\\u00f3rdoba como destino de entrenamiento y experiencias deportivas internacionales. La propuesta fue organizada por la Agencia ProC\\u00f3rdoba, la Agencia C\\u00f3rdoba Deportes y el C\\u00f3rdoba Welcome Cl\\u00faster de Eventos. La misi\\u00f3n reuni\\u00f3 a operadores y agentes de viaje de Latinoam\\u00e9rica con clubes e\",\"inLanguage\":\"es-ES\",\"isPartOf\":{\"@id\":\"https:\\\/\\\/deportesenlaboulaye.com.ar\\\/#website\"},\"breadcrumb\":{\"@id\":\"https:\\\/\\\/deportesenlaboulaye.com.ar\\\/index.php\\\/2026\\\/09\\\/04\\\/la-provincia-se-posiciona-como-destino-internacional-para-el-turismo-deportivo\\\/#breadcrumblist\"},\"author\":{\"@id\":\"https:\\\/\\\/deportesenlaboulaye.com.ar\\\/index.php\\\/author\\\/audanoymessi\\\/#author\"},\"creator\":{\"@id\":\"https:\\\/\\\/deportesenlaboulaye.com.ar\\\/index.php\\\/author\\\/audanoymessi\\\/#author\"},\"image\":{\"@type\":\"ImageObject\",\"url\":\"https:\\\/\\\/deportesenlaboulaye.com.ar\\\/wp-content\\\/uploads\\\/2026\\\/09\\\/WhatsApp-Image-2026-08-30-at-13.05.19.jpeg\",\"@id\":\"https:\\\/\\\/deportesenlaboulaye.com.ar\\\/index.php\\\/2026\\\/09\\\/04\\\/la-provincia-se-posiciona-como-destino-internacional-para-el-turismo-deportivo\\\/#mainImage\",\"width\":945,\"height\":588},\"primaryImageOfPage\":{\"@id\":\"https:\\\/\\\/deportesenlaboulaye.com.ar\\\/index.php\\\/2026\\\/09\\\/04\\\/la-provincia-se-posiciona-como-destino-internacional-para-el-turismo-deportivo\\\/#mainImage\"},\"datePublished\":\"2026-09-04T14:42:50+00:00\",\"dateModified\":\"2026-09-04T14:42:51+00:00\"},{\"@type\":\"WebSite\",\"@id\":\"https:\\\/\\\/deportesenlaboulaye.com.ar\\\/#website\",\"url\":\"https:\\\/\\\/deportesenlaboulaye.com.ar\\\/\",\"description\":\"Todo el deporte del sur de C\\u00f3rdoba\",\"inLanguage\":\"es-ES\",\"publisher\":{\"@id\":\"https:\\\/\\\/deportesenlaboulaye.com.ar\\\/#organization\"}}]}\n\t\t<\/script>\n\t\t<!-- All in One SEO -->\n\n","aioseo_head_json":{"title":"La Provincia se posiciona como destino internacional para el turismo deportivo -","description":"La iniciativa busca generar nuevas oportunidades de vinculaci\u00f3n y negocios para posicionar a C\u00f3rdoba como destino de entrenamiento y experiencias deportivas internacionales. La propuesta fue organizada por la Agencia ProC\u00f3rdoba, la Agencia C\u00f3rdoba Deportes y el C\u00f3rdoba Welcome Cl\u00faster de Eventos. La misi\u00f3n reuni\u00f3 a operadores y agentes de viaje de Latinoam\u00e9rica con clubes e","canonical_url":"https:\/\/deportesenlaboulaye.com.ar\/index.php\/2026\/09\/04\/la-provincia-se-posiciona-como-destino-internacional-para-el-turismo-deportivo\/","robots":"max-image-preview:large","keywords":"","webmasterTools":{"miscellaneous":""},"schema":{"@context":"https:\/\/schema.org","@graph":[{"@type":"BlogPosting","@id":"https:\/\/deportesenlaboulaye.com.ar\/index.php\/2026\/09\/04\/la-provincia-se-posiciona-como-destino-internacional-para-el-turismo-deportivo\/#blogposting","name":"La Provincia se posiciona como destino internacional para el turismo deportivo -","headline":"La Provincia se posiciona como destino internacional para el turismo deportivo","author":{"@id":"https:\/\/deportesenlaboulaye.com.ar\/index.php\/author\/audanoymessi\/#author"},"publisher":{"@id":"https:\/\/deportesenlaboulaye.com.ar\/#organization"},"image":{"@type":"ImageObject","url":"https:\/\/deportesenlaboulaye.com.ar\/wp-content\/uploads\/2026\/09\/WhatsApp-Image-2026-08-30-at-13.05.19.jpeg","width":945,"height":588},"datePublished":"2026-09-04T14:42:50+00:00","dateModified":"2026-09-04T14:42:51+00:00","inLanguage":"es-ES","mainEntityOfPage":{"@id":"https:\/\/deportesenlaboulaye.com.ar\/index.php\/2026\/09\/04\/la-provincia-se-posiciona-como-destino-internacional-para-el-turismo-deportivo\/#webpage"},"isPartOf":{"@id":"https:\/\/deportesenlaboulaye.com.ar\/index.php\/2026\/09\/04\/la-provincia-se-posiciona-como-destino-internacional-para-el-turismo-deportivo\/#webpage"},"articleSection":"Nacionales, Provinciales"},{"@type":"BreadcrumbList","@id":"https:\/\/deportesenlaboulaye.com.ar\/index.php\/2026\/09\/04\/la-provincia-se-posiciona-como-destino-internacional-para-el-turismo-deportivo\/#breadcrumblist","itemListElement":[{"@type":"ListItem","@id":"https:\/\/deportesenlaboulaye.com.ar#listItem","position":1,"name":"Inicio","item":"https:\/\/deportesenlaboulaye.com.ar","nextItem":{"@type":"ListItem","@id":"https:\/\/deportesenlaboulaye.com.ar\/index.php\/category\/provinciales\/#listItem","name":"Provinciales"}},{"@type":"ListItem","@id":"https:\/\/deportesenlaboulaye.com.ar\/index.php\/category\/provinciales\/#listItem","position":2,"name":"Provinciales","item":"https:\/\/deportesenlaboulaye.com.ar\/index.php\/category\/provinciales\/","nextItem":{"@type":"ListItem","@id":"https:\/\/deportesenlaboulaye.com.ar\/index.php\/2026\/09\/04\/la-provincia-se-posiciona-como-destino-internacional-para-el-turismo-deportivo\/#listItem","name":"La Provincia se posiciona como destino internacional para el turismo deportivo"},"previousItem":{"@type":"ListItem","@id":"https:\/\/deportesenlaboulaye.com.ar#listItem","name":"Inicio"}},{"@type":"ListItem","@id":"https:\/\/deportesenlaboulaye.com.ar\/index.php\/2026\/09\/04\/la-provincia-se-posiciona-como-destino-internacional-para-el-turismo-deportivo\/#listItem","position":3,"name":"La Provincia se posiciona como destino internacional para el turismo deportivo","previousItem":{"@type":"ListItem","@id":"https:\/\/deportesenlaboulaye.com.ar\/index.php\/category\/provinciales\/#listItem","name":"Provinciales"}}]},{"@type":"Organization","@id":"https:\/\/deportesenlaboulaye.com.ar\/#organization","name":"Deportes en Laboulaye","description":"Todo el deporte del sur de C\u00f3rdoba","url":"https:\/\/deportesenlaboulaye.com.ar\/","logo":{"@type":"ImageObject","url":"https:\/\/deportesenlaboulaye.com.ar\/wp-content\/uploads\/2021\/10\/deporte.jpg","@id":"https:\/\/deportesenlaboulaye.com.ar\/index.php\/2026\/09\/04\/la-provincia-se-posiciona-como-destino-internacional-para-el-turismo-deportivo\/#organizationLogo","width":940,"height":232},"image":{"@id":"https:\/\/deportesenlaboulaye.com.ar\/index.php\/2026\/09\/04\/la-provincia-se-posiciona-como-destino-internacional-para-el-turismo-deportivo\/#organizationLogo"}},{"@type":"Person","@id":"https:\/\/deportesenlaboulaye.com.ar\/index.php\/author\/audanoymessi\/#author","url":"https:\/\/deportesenlaboulaye.com.ar\/index.php\/author\/audanoymessi\/","image":{"@type":"ImageObject","@id":"https:\/\/deportesenlaboulaye.com.ar\/index.php\/2026\/09\/04\/la-provincia-se-posiciona-como-destino-internacional-para-el-turismo-deportivo\/#authorImage","url":"https:\/\/secure.gravatar.com\/avatar\/5d00322f3169e9c39f93e3d531c9e312?s=96&d=blank&r=g","width":96,"height":96}},{"@type":"WebPage","@id":"https:\/\/deportesenlaboulaye.com.ar\/index.php\/2026\/09\/04\/la-provincia-se-posiciona-como-destino-internacional-para-el-turismo-deportivo\/#webpage","url":"https:\/\/deportesenlaboulaye.com.ar\/index.php\/2026\/09\/04\/la-provincia-se-posiciona-como-destino-internacional-para-el-turismo-deportivo\/","name":"La Provincia se posiciona como destino internacional para el turismo deportivo -","description":"La iniciativa busca generar nuevas oportunidades de vinculaci\u00f3n y negocios para posicionar a C\u00f3rdoba como destino de entrenamiento y experiencias deportivas internacionales. La propuesta fue organizada por la Agencia ProC\u00f3rdoba, la Agencia C\u00f3rdoba Deportes y el C\u00f3rdoba Welcome Cl\u00faster de Eventos. La misi\u00f3n reuni\u00f3 a operadores y agentes de viaje de Latinoam\u00e9rica con clubes e","inLanguage":"es-ES","isPartOf":{"@id":"https:\/\/deportesenlaboulaye.com.ar\/#website"},"breadcrumb":{"@id":"https:\/\/deportesenlaboulaye.com.ar\/index.php\/2026\/09\/04\/la-provincia-se-posiciona-como-destino-internacional-para-el-turismo-deportivo\/#breadcrumblist"},"author":{"@id":"https:\/\/deportesenlaboulaye.com.ar\/index.php\/author\/audanoymessi\/#author"},"creator":{"@id":"https:\/\/deportesenlaboulaye.com.ar\/index.php\/author\/audanoymessi\/#author"},"image":{"@type":"ImageObject","url":"https:\/\/deportesenlaboulaye.com.ar\/wp-content\/uploads\/2026\/09\/WhatsApp-Image-2026-08-30-at-13.05.19.jpeg","@id":"https:\/\/deportesenlaboulaye.com.ar\/index.php\/2026\/09\/04\/la-provincia-se-posiciona-como-destino-internacional-para-el-turismo-deportivo\/#mainImage","width":945,"height":588},"primaryImageOfPage":{"@id":"https:\/\/deportesenlaboulaye.com.ar\/index.php\/2026\/09\/04\/la-provincia-se-posiciona-como-destino-internacional-para-el-turismo-deportivo\/#mainImage"},"datePublished":"2026-09-04T14:42:50+00:00","dateModified":"2026-09-04T14:42:51+00:00"},{"@type":"WebSite","@id":"https:\/\/deportesenlaboulaye.com.ar\/#website","url":"https:\/\/deportesenlaboulaye.com.ar\/","description":"Todo el deporte del sur de C\u00f3rdoba","inLanguage":"es-ES","publisher":{"@id":"https:\/\/deportesenlaboulaye.com.ar\/#organization"}}]},"og:locale":"es_ES","og:site_name":"- Todo el deporte del sur de C\u00f3rdoba","og:type":"article","og:title":"La Provincia se posiciona como destino internacional para el turismo deportivo -","og:description":"La iniciativa busca generar nuevas oportunidades de vinculaci\u00f3n y negocios para posicionar a C\u00f3rdoba como destino de entrenamiento y experiencias deportivas internacionales. La propuesta fue organizada por la Agencia ProC\u00f3rdoba, la Agencia C\u00f3rdoba Deportes y el C\u00f3rdoba Welcome Cl\u00faster de Eventos. La misi\u00f3n reuni\u00f3 a operadores y agentes de viaje de Latinoam\u00e9rica con clubes e","og:url":"https:\/\/deportesenlaboulaye.com.ar\/index.php\/2026\/09\/04\/la-provincia-se-posiciona-como-destino-internacional-para-el-turismo-deportivo\/","og:image":"https:\/\/deportesenlaboulaye.com.ar\/wp-content\/uploads\/2021\/10\/deporte.jpg","og:image:secure_url":"https:\/\/deportesenlaboulaye.com.ar\/wp-content\/uploads\/2021\/10\/deporte.jpg","article:published_time":"2026-09-04T14:42:50+00:00","article:modified_time":"2026-09-04T14:42:51+00:00","twitter:card":"summary","twitter:title":"La Provincia se posiciona como destino internacional para el turismo deportivo -","twitter:description":"La iniciativa busca generar nuevas oportunidades de vinculaci\u00f3n y negocios para posicionar a C\u00f3rdoba como destino de entrenamiento y experiencias deportivas internacionales. La propuesta fue organizada por la Agencia ProC\u00f3rdoba, la Agencia C\u00f3rdoba Deportes y el C\u00f3rdoba Welcome Cl\u00faster de Eventos. La misi\u00f3n reuni\u00f3 a operadores y agentes de viaje de Latinoam\u00e9rica con clubes e","twitter:image":"https:\/\/deportesenlaboulaye.com.ar\/wp-content\/uploads\/2021\/10\/deporte.jpg"},"aioseo_meta_data":{"post_id":"1816","title":null,"description":null,"keywords":null,"keyphrases":{"focus":{"keyphrase":"","score":0,"analysis":{"keyphraseInTitle":{"score":0,"maxScore":9,"error":1}}},"additional":[]},"canonical_url":null,"og_title":null,"og_description":null,"og_object_type":"default","og_image_type":"default","og_image_url":null,"og_image_width":null,"og_image_height":null,"og_image_custom_url":null,"og_image_custom_fields":null,"og_video":"","og_custom_url":null,"og_article_section":null,"og_article_tags":null,"twitter_use_og":false,"twitter_card":"default","twitter_image_type":"default","twitter_image_url":null,"twitter_image_custom_url":null,"twitter_image_custom_fields":null,"twitter_title":null,"twitter_description":null,"schema_type":"default","schema_type_options":null,"pillar_content":false,"robots_default":true,"robots_noindex":false,"robots_noarchive":false,"robots_nosnippet":false,"robots_nofollow":false,"robots_noimageindex":false,"robots_noodp":false,"robots_notranslate":false,"robots_max_snippet":"-1","robots_max_videopreview":"-1","robots_max_imagepreview":"large","priority":null,"frequency":"default","local_seo":null,"created":"2026-09-04 14:42:51","updated":"2026-09-05 04:02:33","focus_keyword":null,"additional_keywords":null,"truseo_locale":null,"primary_term":null,"schema":{"blockGraphs":[],"customGraphs":[],"default":{"data":{"Article":[],"Course":[],"Dataset":[],"FAQPage":[],"Movie":[],"Person":[],"Product":[],"ProductReview":[],"Car":[],"Recipe":[],"Service":[],"SoftwareApplication":[],"WebPage":[]},"graphName":"BlogPosting","isEnabled":true},"graphs":[]},"limit_modified_date":false,"ai":{"faqs":[],"keyPoints":[],"schemas":[],"titles":[],"descriptions":[],"socialPosts":{"email":{"subject":"","preview":"","content":""},"linkedin":[],"twitter":[],"facebook":[],"instagram":[]}},"breadcrumb_settings":null,"seo_analyzer_scan_date":null},"aioseo_breadcrumb":"<div class=\"aioseo-breadcrumbs\"><span class=\"aioseo-breadcrumb\">\n\t\t\t<a href=\"https:\/\/deportesenlaboulaye.com.ar\" title=\"Inicio\">Inicio<\/a>\n\t\t<\/span><span class=\"aioseo-breadcrumb-separator\">&raquo;<\/span><span class=\"aioseo-breadcrumb\">\n\t\t\t<a href=\"https:\/\/deportesenlaboulaye.com.ar\/index.php\/category\/provinciales\/\" title=\"Provinciales\">Provinciales<\/a>\n\t\t<\/span><span class=\"aioseo-breadcrumb-separator\">&raquo;<\/span><span class=\"aioseo-breadcrumb\">\n\t\t\tLa Provincia se posiciona como destino internacional para el turismo deportivo\n\t\t<\/span><\/div>","aioseo_breadcrumb_json":[{"label":"Inicio","link":"https:\/\/deportesenlaboulaye.com.ar"},{"label":"Provinciales","link":"https:\/\/deportesenlaboulaye.com.ar\/index.php\/category\/provinciales\/"},{"label":"La Provincia se posiciona como destino internacional para el turismo deportivo","link":"https:\/\/deportesenlaboulaye.com.ar\/index.php\/2026\/09\/04\/la-provincia-se-posiciona-como-destino-internacional-para-el-turismo-deportivo\/"}],"_links":{"self":[{"href":"https:\/\/deportesenlaboulaye.com.ar\/index.php\/wp-json\/wp\/v2\/posts\/1816"}],"collection":[{"href":"https:\/\/deportesenlaboulaye.com.ar\/index.php\/wp-json\/wp\/v2\/posts"}],"about":[{"href":"https:\/\/deportesenlaboulaye.com.ar\/index.php\/wp-json\/wp\/v2\/types\/post"}],"author":[{"embeddable":true,"href":"https:\/\/deportesenlaboulaye.com.ar\/index.php\/wp-json\/wp\/v2\/users\/1"}],"replies":[{"embeddable":true,"href":"https:\/\/deportesenlaboulaye.com.ar\/index.php\/wp-json\/wp\/v2\/comments?post=1816"}],"version-history":[{"count":1,"href":"https:\/\/deportesenlaboulaye.com.ar\/index.php\/wp-json\/wp\/v2\/posts\/1816\/revisions"}],"predecessor-version":[{"id":1819,"href":"https:\/\/deportesenlaboulaye.com.ar\/index.php\/wp-json\/wp\/v2\/posts\/1816\/revisions\/1819"}],"wp:featuredmedia":[{"embeddable":true,"href":"https:\/\/deportesenlaboulaye.com.ar\/index.php\/wp-json\/wp\/v2\/media\/1818"}],"wp:attachment":[{"href":"https:\/\/deportesenlaboulaye.com.ar\/index.php\/wp-json\/wp\/v2\/media?parent=1816"}],"wp:term":[{"taxonomy":"category","embeddable":true,"href":"https:\/\/deportesenlaboulaye.com.ar\/index.php\/wp-json\/wp\/v2\/categories?post=1816"},{"taxonomy":"post_tag","embeddable":true,"href":"https:\/\/deportesenlaboulaye.com.ar\/index.php\/wp-json\/wp\/v2\/tags?post=1816"}],"curies":[{"name":"wp","href":"https:\/\/api.w.org\/{rel}","templated":true}]}}